{"id":87,"date":"2020-09-01T18:55:00","date_gmt":"2020-09-01T18:55:00","guid":{"rendered":"https:\/\/gavri.ivansol.com\/blog\/?p=87"},"modified":"2021-04-30T15:08:10","modified_gmt":"2021-04-30T15:08:10","slug":"que-ventilador-de-techo-elegir-segun-el-tamano-de-mi-habitacion-b87","status":"publish","type":"post","link":"https:\/\/gavri-src.addisnetwork.es\/blog\/que-ventilador-de-techo-elegir-segun-el-tamano-de-mi-habitacion-b87.html","title":{"rendered":"\u00bfQu\u00e9 ventilador de techo elegir seg\u00fan el tama\u00f1o de mi habitaci\u00f3n?"},"content":{"rendered":"\n<p><br>Si est\u00e1s pensando en comprar un ventilador de techo, pero no sabes qu\u00e9 tama\u00f1o elegir: \u00a1no te preocupes! En este post te vamos a resolver tus dudas. Si no sabes nada acerca de los ventiladores de techo es posible que te cuesta saber cu\u00e1l necesitas, pero lo \u00fanico que debes tener en cuenta es el tama\u00f1o de la habitaci\u00f3n o estancia en el cu\u00e1l tiene que ir el ventilador.<\/p>\n\n\n\n<h2 class=\"wp-block-heading\">Medidas recomendadas seg\u00fan tu habitaci\u00f3n<\/h2>\n\n\n\n<p>Las habitaciones est\u00e1ndar en Espa\u00f1a miden entorno a los 12-25m2 aproximadamente, con un techo de entre 2-5m y 3m. Si este es tu caso, entonces lo mejor son los ventiladores de 132cm. Si ya has empezado a ver ventiladores de techo en webs o portales, habr\u00e1s visto que este es el tama\u00f1o est\u00e1ndar.<\/p>\n\n\n\n<figure class=\"wp-block-image size-large is-resized\"><img loading=\"lazy\" decoding=\"async\" src=\"https:\/\/gavri.es\/blog\/wp-content\/uploads\/2021\/04\/Tamano-habitacion-1.png\" alt=\"\" class=\"wp-image-499\" width=\"641\" height=\"510\" srcset=\"https:\/\/gavri-src.addisnetwork.es\/blog\/wp-content\/uploads\/2021\/04\/Tamano-habitacion-1.png 981w, https:\/\/gavri-src.addisnetwork.es\/blog\/wp-content\/uploads\/2021\/04\/Tamano-habitacion-1-300x239.png 300w, https:\/\/gavri-src.addisnetwork.es\/blog\/wp-content\/uploads\/2021\/04\/Tamano-habitacion-1-768x612.png 768w\" sizes=\"auto, (max-width: 641px) 100vw, 641px\" \/><\/figure>\n\n\n\n<p>En el caso de tener una habitaci\u00f3n con un tama\u00f1o menos a los 12m2, no te preocupes, sigues teniendo diversas opciones. Los ventiladores de techo con un di\u00e1metro entre 132cm y 100cm son aptos para estancias que rondan entre los 9m2 y los 12m2. En este caso hemos supuesto que el techo sigue siendo el mismo (entre 2-5m y 3m). Para las estancias inferiores a los 9m2, debes elegir un ventilador con un di\u00e1metro inferior a los 100cm (de 75cm, por ejemplo) .<\/p>\n\n\n\n<p>Para las habitaciones mayores de 25m2, como suelen ser los comedores, oficinas o locales comerciales, puede optar por modelos con un di\u00e1metro mayor, o poner m\u00e1s de un ventilador. Depender\u00e1 tambi\u00e9n del espacio del techo y del gusto de cada uno.<\/p>\n\n\n\n<p>Si optas por poner un solo ventilador, los modelos entre los 132cm y 150cm de di\u00e1metro son indicados para las estancias que no superan los 35-40m2. En el caso de que el espacio sea mayor a los 40m2, deber\u00e1s de optar por los ventiladores de techo de mayor tama\u00f1o (hasta los 200cm de di\u00e1metro).<\/p>\n\n\n\n<h2 class=\"wp-block-heading\">\u00bfQu\u00e9 paso ti tengo el techo muy alto?<\/h2>\n\n\n\n<p>Las recomendaciones anteriores est\u00e1n pensadas para estancias que no tengan el techo m\u00e1s elevado de lo normal (m\u00e1s de 3m desde el suelo). Tener un techo que supera estas medidas hace que el espacio sea mayor (en m3) y por lo tanto el aire a mover tambi\u00e9n ser\u00e1 mayor. Adem\u00e1s, el ventilador se situar\u00e1 m\u00e1s arriba, con lo que la sensaci\u00f3n de aire ser\u00e1 ligeramente inferior. En ese caso lo recomendable es elegir un ventilador algo m\u00e1s grande de lo indicado, para que sea capaz de mover sin problemas todo el aire.<\/p>\n\n\n\n<h2 class=\"wp-block-heading\">\u00bfY si lo tengo muy bajo?<\/h2>\n\n\n\n<p>En este caso, sucede lo mismo que con los techos altos, pero a la inversa. Al haber menor espacio para que se mueva el aire, es aconsejable usar modelos algo m\u00e1s peque\u00f1os de lo indicado. De esta forma el aire se mover\u00e1 m\u00e1s c\u00f3modamente.&nbsp;Si este es tu caso, en Gavri.es disponemos de varios modelos ventiladores para techos bajos. <a href=\"https:\/\/gavri.es\/buscar?controller=search&amp;s=techosbajos\" target=\"_blank\" rel=\"noopener\">Haz click <\/a>aqu\u00ed para conocer lo modelos.<\/p>\n\n\n\n<p>Aunque se trata de una gu\u00eda gen\u00e9rica, cada espacio es diferente, ya sea por la cantidad de objetos presentes (muebles, electrodom\u00e9sticos, etc) como por las propias caracter\u00edsticas del espacio. Por ello es imprescindible medir bien los espacios, pensar antes qu\u00e9 modelos te puede ir mejor y consultarlo con los especialistas. Si sigues con dudas te recomendamos leerte tambi\u00e9n&nbsp;<a href=\"https:\/\/gavri.es\/blog\/elige-el-ventilador-de-techo-segun-el-tamano-de-tu-habitacion--b66.html\" target=\"_blank\" rel=\"noopener\">otro art\u00edculo<\/a> en el que te ayudamos a elegir qu\u00e9 tama\u00f1o es el ideal para ti.<\/p>\n\n\n\n<div>&nbsp;<\/div>\n","protected":false},"excerpt":{"rendered":"<p>Si est\u00e1s pensando en comprar un ventilador de techo, pero no sabes qu\u00e9 tama\u00f1o elegir: \u00a1no te preocupes! En este post te vamos a resolver tus dudas. Si no sabes nada acerca de los ventiladores de &#8230; <a title=\"\u00bfQu\u00e9 ventilador de techo elegir seg\u00fan el tama\u00f1o de mi habitaci\u00f3n?\" class=\"read-more\" href=\"https:\/\/gavri-src.addisnetwork.es\/blog\/que-ventilador-de-techo-elegir-segun-el-tamano-de-mi-habitacion-b87.html\" aria-label=\"M\u00e1s en \u00bfQu\u00e9 ventilador de techo elegir seg\u00fan el tama\u00f1o de mi habitaci\u00f3n?\">Leer m\u00e1s<\/a><\/p>\n","protected":false},"author":1,"featured_media":152,"comment_status":"open","ping_status":"closed","sticky":false,"template":"","format":"standard","meta":{"footnotes":""},"categories":[1],"tags":[],"class_list":["post-87","post","type-post","status-publish","format-standard","has-post-thumbnail","hentry","category-sin-categoria","generate-columns","tablet-grid-50","mobile-grid-100","grid-parent","grid-50","no-featured-image-padding"],"yoast_head":"<!-- This site is optimized with the Yoast SEO plugin v27.5 - https:\/\/yoast.com\/product\/yoast-seo-wordpress\/ -->\n<title>\u00bfQu\u00e9 ventilador de techo elegir seg\u00fan el tama\u00f1o de mi habitaci\u00f3n? - Blog de Gavri.es<\/title>\n<meta name=\"description\" content=\"Si no sabes qu\u00e9 ventilador elegir para tu casa en esta gu\u00eda te ense\u00f1amos cu\u00e1l te puede ir mejor seg\u00fan el tama\u00f1o de tu habitaci\u00f3n.\" \/>\n<meta name=\"robots\" content=\"index, follow, max-snippet:-1, max-image-preview:large, max-video-preview:-1\" \/>\n<link rel=\"canonical\" href=\"https:\/\/gavri-src.addisnetwork.es\/blog\/que-ventilador-de-techo-elegir-segun-el-tamano-de-mi-habitacion-b87.html\" \/>\n<meta property=\"og:locale\" content=\"es_ES\" \/>\n<meta property=\"og:type\" content=\"article\" \/>\n<meta property=\"og:title\" content=\"\u00bfQu\u00e9 ventilador de techo elegir seg\u00fan el tama\u00f1o de mi habitaci\u00f3n? - Blog de Gavri.es\" \/>\n<meta property=\"og:description\" content=\"Si no sabes qu\u00e9 ventilador elegir para tu casa en esta gu\u00eda te ense\u00f1amos cu\u00e1l te puede ir mejor seg\u00fan el tama\u00f1o de tu habitaci\u00f3n.\" \/>\n<meta property=\"og:url\" content=\"https:\/\/gavri-src.addisnetwork.es\/blog\/que-ventilador-de-techo-elegir-segun-el-tamano-de-mi-habitacion-b87.html\" \/>\n<meta property=\"og:site_name\" content=\"Blog de Gavri.es\" \/>\n<meta property=\"article:published_time\" content=\"2020-09-01T18:55:00+00:00\" \/>\n<meta property=\"article:modified_time\" content=\"2021-04-30T15:08:10+00:00\" \/>\n<meta property=\"og:image\" content=\"https:\/\/gavri-src.addisnetwork.es\/blog\/wp-content\/uploads\/2020\/12\/lg-b-ventilador-de-techo-segun-tamano-habitacion.jpg\" \/>\n\t<meta property=\"og:image:width\" content=\"1900\" \/>\n\t<meta property=\"og:image:height\" content=\"781\" \/>\n\t<meta property=\"og:image:type\" content=\"image\/jpeg\" \/>\n<meta name=\"author\" content=\"Gavri\" \/>\n<meta name=\"twitter:card\" content=\"summary_large_image\" \/>\n<meta name=\"twitter:label1\" content=\"Escrito por\" \/>\n\t<meta name=\"twitter:data1\" content=\"Gavri\" \/>\n\t<meta name=\"twitter:label2\" content=\"Tiempo de lectura\" \/>\n\t<meta name=\"twitter:data2\" content=\"3 minutos\" \/>\n<script type=\"application\/ld+json\" class=\"yoast-schema-graph\">{\"@context\":\"https:\\\/\\\/schema.org\",\"@graph\":[{\"@type\":\"Article\",\"@id\":\"https:\\\/\\\/gavri-src.addisnetwork.es\\\/blog\\\/que-ventilador-de-techo-elegir-segun-el-tamano-de-mi-habitacion-b87.html#article\",\"isPartOf\":{\"@id\":\"https:\\\/\\\/gavri-src.addisnetwork.es\\\/blog\\\/que-ventilador-de-techo-elegir-segun-el-tamano-de-mi-habitacion-b87.html\"},\"author\":{\"name\":\"Gavri\",\"@id\":\"https:\\\/\\\/gavri-src.addisnetwork.es\\\/blog\\\/#\\\/schema\\\/person\\\/3df0699bd314187860df00e3b73fbf75\"},\"headline\":\"\u00bfQu\u00e9 ventilador de techo elegir seg\u00fan el tama\u00f1o de mi habitaci\u00f3n?\",\"datePublished\":\"2020-09-01T18:55:00+00:00\",\"dateModified\":\"2021-04-30T15:08:10+00:00\",\"mainEntityOfPage\":{\"@id\":\"https:\\\/\\\/gavri-src.addisnetwork.es\\\/blog\\\/que-ventilador-de-techo-elegir-segun-el-tamano-de-mi-habitacion-b87.html\"},\"wordCount\":615,\"commentCount\":4,\"publisher\":{\"@id\":\"https:\\\/\\\/gavri-src.addisnetwork.es\\\/blog\\\/#organization\"},\"image\":{\"@id\":\"https:\\\/\\\/gavri-src.addisnetwork.es\\\/blog\\\/que-ventilador-de-techo-elegir-segun-el-tamano-de-mi-habitacion-b87.html#primaryimage\"},\"thumbnailUrl\":\"https:\\\/\\\/gavri-src.addisnetwork.es\\\/blog\\\/wp-content\\\/uploads\\\/2020\\\/12\\\/lg-b-ventilador-de-techo-segun-tamano-habitacion.jpg\",\"inLanguage\":\"es\",\"potentialAction\":[{\"@type\":\"CommentAction\",\"name\":\"Comment\",\"target\":[\"https:\\\/\\\/gavri-src.addisnetwork.es\\\/blog\\\/que-ventilador-de-techo-elegir-segun-el-tamano-de-mi-habitacion-b87.html#respond\"]}]},{\"@type\":\"WebPage\",\"@id\":\"https:\\\/\\\/gavri-src.addisnetwork.es\\\/blog\\\/que-ventilador-de-techo-elegir-segun-el-tamano-de-mi-habitacion-b87.html\",\"url\":\"https:\\\/\\\/gavri-src.addisnetwork.es\\\/blog\\\/que-ventilador-de-techo-elegir-segun-el-tamano-de-mi-habitacion-b87.html\",\"name\":\"\u00bfQu\u00e9 ventilador de techo elegir seg\u00fan el tama\u00f1o de mi habitaci\u00f3n? - Blog de Gavri.es\",\"isPartOf\":{\"@id\":\"https:\\\/\\\/gavri-src.addisnetwork.es\\\/blog\\\/#website\"},\"primaryImageOfPage\":{\"@id\":\"https:\\\/\\\/gavri-src.addisnetwork.es\\\/blog\\\/que-ventilador-de-techo-elegir-segun-el-tamano-de-mi-habitacion-b87.html#primaryimage\"},\"image\":{\"@id\":\"https:\\\/\\\/gavri-src.addisnetwork.es\\\/blog\\\/que-ventilador-de-techo-elegir-segun-el-tamano-de-mi-habitacion-b87.html#primaryimage\"},\"thumbnailUrl\":\"https:\\\/\\\/gavri-src.addisnetwork.es\\\/blog\\\/wp-content\\\/uploads\\\/2020\\\/12\\\/lg-b-ventilador-de-techo-segun-tamano-habitacion.jpg\",\"datePublished\":\"2020-09-01T18:55:00+00:00\",\"dateModified\":\"2021-04-30T15:08:10+00:00\",\"description\":\"Si no sabes qu\u00e9 ventilador elegir para tu casa en esta gu\u00eda te ense\u00f1amos cu\u00e1l te puede ir mejor seg\u00fan el tama\u00f1o de tu habitaci\u00f3n.\",\"breadcrumb\":{\"@id\":\"https:\\\/\\\/gavri-src.addisnetwork.es\\\/blog\\\/que-ventilador-de-techo-elegir-segun-el-tamano-de-mi-habitacion-b87.html#breadcrumb\"},\"inLanguage\":\"es\",\"potentialAction\":[{\"@type\":\"ReadAction\",\"target\":[\"https:\\\/\\\/gavri-src.addisnetwork.es\\\/blog\\\/que-ventilador-de-techo-elegir-segun-el-tamano-de-mi-habitacion-b87.html\"]}]},{\"@type\":\"ImageObject\",\"inLanguage\":\"es\",\"@id\":\"https:\\\/\\\/gavri-src.addisnetwork.es\\\/blog\\\/que-ventilador-de-techo-elegir-segun-el-tamano-de-mi-habitacion-b87.html#primaryimage\",\"url\":\"https:\\\/\\\/gavri-src.addisnetwork.es\\\/blog\\\/wp-content\\\/uploads\\\/2020\\\/12\\\/lg-b-ventilador-de-techo-segun-tamano-habitacion.jpg\",\"contentUrl\":\"https:\\\/\\\/gavri-src.addisnetwork.es\\\/blog\\\/wp-content\\\/uploads\\\/2020\\\/12\\\/lg-b-ventilador-de-techo-segun-tamano-habitacion.jpg\",\"width\":1900,\"height\":781},{\"@type\":\"BreadcrumbList\",\"@id\":\"https:\\\/\\\/gavri-src.addisnetwork.es\\\/blog\\\/que-ventilador-de-techo-elegir-segun-el-tamano-de-mi-habitacion-b87.html#breadcrumb\",\"itemListElement\":[{\"@type\":\"ListItem\",\"position\":1,\"name\":\"Portada\",\"item\":\"https:\\\/\\\/gavri-src.addisnetwork.es\\\/blog\"},{\"@type\":\"ListItem\",\"position\":2,\"name\":\"\u00bfQu\u00e9 ventilador de techo elegir seg\u00fan el tama\u00f1o de mi habitaci\u00f3n?\"}]},{\"@type\":\"WebSite\",\"@id\":\"https:\\\/\\\/gavri-src.addisnetwork.es\\\/blog\\\/#website\",\"url\":\"https:\\\/\\\/gavri-src.addisnetwork.es\\\/blog\\\/\",\"name\":\"Blog de Gavri.es\",\"description\":\"Blog de Gavri.es\",\"publisher\":{\"@id\":\"https:\\\/\\\/gavri-src.addisnetwork.es\\\/blog\\\/#organization\"},\"potentialAction\":[{\"@type\":\"SearchAction\",\"target\":{\"@type\":\"EntryPoint\",\"urlTemplate\":\"https:\\\/\\\/gavri-src.addisnetwork.es\\\/blog\\\/?s={search_term_string}\"},\"query-input\":{\"@type\":\"PropertyValueSpecification\",\"valueRequired\":true,\"valueName\":\"search_term_string\"}}],\"inLanguage\":\"es\"},{\"@type\":\"Organization\",\"@id\":\"https:\\\/\\\/gavri-src.addisnetwork.es\\\/blog\\\/#organization\",\"name\":\"Blog de Gavri.es\",\"url\":\"https:\\\/\\\/gavri-src.addisnetwork.es\\\/blog\\\/\",\"logo\":{\"@type\":\"ImageObject\",\"inLanguage\":\"es\",\"@id\":\"https:\\\/\\\/gavri-src.addisnetwork.es\\\/blog\\\/#\\\/schema\\\/logo\\\/image\\\/\",\"url\":\"https:\\\/\\\/gavri-src.addisnetwork.es\\\/blog\\\/wp-content\\\/uploads\\\/2021\\\/01\\\/cropped-LOGO-gavries-blog-1.png\",\"contentUrl\":\"https:\\\/\\\/gavri-src.addisnetwork.es\\\/blog\\\/wp-content\\\/uploads\\\/2021\\\/01\\\/cropped-LOGO-gavries-blog-1.png\",\"width\":520,\"height\":104,\"caption\":\"Blog de Gavri.es\"},\"image\":{\"@id\":\"https:\\\/\\\/gavri-src.addisnetwork.es\\\/blog\\\/#\\\/schema\\\/logo\\\/image\\\/\"}},{\"@type\":\"Person\",\"@id\":\"https:\\\/\\\/gavri-src.addisnetwork.es\\\/blog\\\/#\\\/schema\\\/person\\\/3df0699bd314187860df00e3b73fbf75\",\"name\":\"Gavri\",\"image\":{\"@type\":\"ImageObject\",\"inLanguage\":\"es\",\"@id\":\"https:\\\/\\\/secure.gravatar.com\\\/avatar\\\/6fc6afbbb919cee1ae64c74ed55bf75da72aade68e84f27c0a3a05bd98ccf2a0?s=96&d=mm&r=g\",\"url\":\"https:\\\/\\\/secure.gravatar.com\\\/avatar\\\/6fc6afbbb919cee1ae64c74ed55bf75da72aade68e84f27c0a3a05bd98ccf2a0?s=96&d=mm&r=g\",\"contentUrl\":\"https:\\\/\\\/secure.gravatar.com\\\/avatar\\\/6fc6afbbb919cee1ae64c74ed55bf75da72aade68e84f27c0a3a05bd98ccf2a0?s=96&d=mm&r=g\",\"caption\":\"Gavri\"},\"sameAs\":[\"https:\\\/\\\/gavri.es\\\/blog\"]}]}<\/script>\n<!-- \/ Yoast SEO plugin. -->","yoast_head_json":{"title":"\u00bfQu\u00e9 ventilador de techo elegir seg\u00fan el tama\u00f1o de mi habitaci\u00f3n? - Blog de Gavri.es","description":"Si no sabes qu\u00e9 ventilador elegir para tu casa en esta gu\u00eda te ense\u00f1amos cu\u00e1l te puede ir mejor seg\u00fan el tama\u00f1o de tu habitaci\u00f3n.","robots":{"index":"index","follow":"follow","max-snippet":"max-snippet:-1","max-image-preview":"max-image-preview:large","max-video-preview":"max-video-preview:-1"},"canonical":"https:\/\/gavri-src.addisnetwork.es\/blog\/que-ventilador-de-techo-elegir-segun-el-tamano-de-mi-habitacion-b87.html","og_locale":"es_ES","og_type":"article","og_title":"\u00bfQu\u00e9 ventilador de techo elegir seg\u00fan el tama\u00f1o de mi habitaci\u00f3n? - Blog de Gavri.es","og_description":"Si no sabes qu\u00e9 ventilador elegir para tu casa en esta gu\u00eda te ense\u00f1amos cu\u00e1l te puede ir mejor seg\u00fan el tama\u00f1o de tu habitaci\u00f3n.","og_url":"https:\/\/gavri-src.addisnetwork.es\/blog\/que-ventilador-de-techo-elegir-segun-el-tamano-de-mi-habitacion-b87.html","og_site_name":"Blog de Gavri.es","article_published_time":"2020-09-01T18:55:00+00:00","article_modified_time":"2021-04-30T15:08:10+00:00","og_image":[{"width":1900,"height":781,"url":"https:\/\/gavri-src.addisnetwork.es\/blog\/wp-content\/uploads\/2020\/12\/lg-b-ventilador-de-techo-segun-tamano-habitacion.jpg","type":"image\/jpeg"}],"author":"Gavri","twitter_card":"summary_large_image","twitter_misc":{"Escrito por":"Gavri","Tiempo de lectura":"3 minutos"},"schema":{"@context":"https:\/\/schema.org","@graph":[{"@type":"Article","@id":"https:\/\/gavri-src.addisnetwork.es\/blog\/que-ventilador-de-techo-elegir-segun-el-tamano-de-mi-habitacion-b87.html#article","isPartOf":{"@id":"https:\/\/gavri-src.addisnetwork.es\/blog\/que-ventilador-de-techo-elegir-segun-el-tamano-de-mi-habitacion-b87.html"},"author":{"name":"Gavri","@id":"https:\/\/gavri-src.addisnetwork.es\/blog\/#\/schema\/person\/3df0699bd314187860df00e3b73fbf75"},"headline":"\u00bfQu\u00e9 ventilador de techo elegir seg\u00fan el tama\u00f1o de mi habitaci\u00f3n?","datePublished":"2020-09-01T18:55:00+00:00","dateModified":"2021-04-30T15:08:10+00:00","mainEntityOfPage":{"@id":"https:\/\/gavri-src.addisnetwork.es\/blog\/que-ventilador-de-techo-elegir-segun-el-tamano-de-mi-habitacion-b87.html"},"wordCount":615,"commentCount":4,"publisher":{"@id":"https:\/\/gavri-src.addisnetwork.es\/blog\/#organization"},"image":{"@id":"https:\/\/gavri-src.addisnetwork.es\/blog\/que-ventilador-de-techo-elegir-segun-el-tamano-de-mi-habitacion-b87.html#primaryimage"},"thumbnailUrl":"https:\/\/gavri-src.addisnetwork.es\/blog\/wp-content\/uploads\/2020\/12\/lg-b-ventilador-de-techo-segun-tamano-habitacion.jpg","inLanguage":"es","potentialAction":[{"@type":"CommentAction","name":"Comment","target":["https:\/\/gavri-src.addisnetwork.es\/blog\/que-ventilador-de-techo-elegir-segun-el-tamano-de-mi-habitacion-b87.html#respond"]}]},{"@type":"WebPage","@id":"https:\/\/gavri-src.addisnetwork.es\/blog\/que-ventilador-de-techo-elegir-segun-el-tamano-de-mi-habitacion-b87.html","url":"https:\/\/gavri-src.addisnetwork.es\/blog\/que-ventilador-de-techo-elegir-segun-el-tamano-de-mi-habitacion-b87.html","name":"\u00bfQu\u00e9 ventilador de techo elegir seg\u00fan el tama\u00f1o de mi habitaci\u00f3n? - Blog de Gavri.es","isPartOf":{"@id":"https:\/\/gavri-src.addisnetwork.es\/blog\/#website"},"primaryImageOfPage":{"@id":"https:\/\/gavri-src.addisnetwork.es\/blog\/que-ventilador-de-techo-elegir-segun-el-tamano-de-mi-habitacion-b87.html#primaryimage"},"image":{"@id":"https:\/\/gavri-src.addisnetwork.es\/blog\/que-ventilador-de-techo-elegir-segun-el-tamano-de-mi-habitacion-b87.html#primaryimage"},"thumbnailUrl":"https:\/\/gavri-src.addisnetwork.es\/blog\/wp-content\/uploads\/2020\/12\/lg-b-ventilador-de-techo-segun-tamano-habitacion.jpg","datePublished":"2020-09-01T18:55:00+00:00","dateModified":"2021-04-30T15:08:10+00:00","description":"Si no sabes qu\u00e9 ventilador elegir para tu casa en esta gu\u00eda te ense\u00f1amos cu\u00e1l te puede ir mejor seg\u00fan el tama\u00f1o de tu habitaci\u00f3n.","breadcrumb":{"@id":"https:\/\/gavri-src.addisnetwork.es\/blog\/que-ventilador-de-techo-elegir-segun-el-tamano-de-mi-habitacion-b87.html#breadcrumb"},"inLanguage":"es","potentialAction":[{"@type":"ReadAction","target":["https:\/\/gavri-src.addisnetwork.es\/blog\/que-ventilador-de-techo-elegir-segun-el-tamano-de-mi-habitacion-b87.html"]}]},{"@type":"ImageObject","inLanguage":"es","@id":"https:\/\/gavri-src.addisnetwork.es\/blog\/que-ventilador-de-techo-elegir-segun-el-tamano-de-mi-habitacion-b87.html#primaryimage","url":"https:\/\/gavri-src.addisnetwork.es\/blog\/wp-content\/uploads\/2020\/12\/lg-b-ventilador-de-techo-segun-tamano-habitacion.jpg","contentUrl":"https:\/\/gavri-src.addisnetwork.es\/blog\/wp-content\/uploads\/2020\/12\/lg-b-ventilador-de-techo-segun-tamano-habitacion.jpg","width":1900,"height":781},{"@type":"BreadcrumbList","@id":"https:\/\/gavri-src.addisnetwork.es\/blog\/que-ventilador-de-techo-elegir-segun-el-tamano-de-mi-habitacion-b87.html#breadcrumb","itemListElement":[{"@type":"ListItem","position":1,"name":"Portada","item":"https:\/\/gavri-src.addisnetwork.es\/blog"},{"@type":"ListItem","position":2,"name":"\u00bfQu\u00e9 ventilador de techo elegir seg\u00fan el tama\u00f1o de mi habitaci\u00f3n?"}]},{"@type":"WebSite","@id":"https:\/\/gavri-src.addisnetwork.es\/blog\/#website","url":"https:\/\/gavri-src.addisnetwork.es\/blog\/","name":"Blog de Gavri.es","description":"Blog de Gavri.es","publisher":{"@id":"https:\/\/gavri-src.addisnetwork.es\/blog\/#organization"},"potentialAction":[{"@type":"SearchAction","target":{"@type":"EntryPoint","urlTemplate":"https:\/\/gavri-src.addisnetwork.es\/blog\/?s={search_term_string}"},"query-input":{"@type":"PropertyValueSpecification","valueRequired":true,"valueName":"search_term_string"}}],"inLanguage":"es"},{"@type":"Organization","@id":"https:\/\/gavri-src.addisnetwork.es\/blog\/#organization","name":"Blog de Gavri.es","url":"https:\/\/gavri-src.addisnetwork.es\/blog\/","logo":{"@type":"ImageObject","inLanguage":"es","@id":"https:\/\/gavri-src.addisnetwork.es\/blog\/#\/schema\/logo\/image\/","url":"https:\/\/gavri-src.addisnetwork.es\/blog\/wp-content\/uploads\/2021\/01\/cropped-LOGO-gavries-blog-1.png","contentUrl":"https:\/\/gavri-src.addisnetwork.es\/blog\/wp-content\/uploads\/2021\/01\/cropped-LOGO-gavries-blog-1.png","width":520,"height":104,"caption":"Blog de Gavri.es"},"image":{"@id":"https:\/\/gavri-src.addisnetwork.es\/blog\/#\/schema\/logo\/image\/"}},{"@type":"Person","@id":"https:\/\/gavri-src.addisnetwork.es\/blog\/#\/schema\/person\/3df0699bd314187860df00e3b73fbf75","name":"Gavri","image":{"@type":"ImageObject","inLanguage":"es","@id":"https:\/\/secure.gravatar.com\/avatar\/6fc6afbbb919cee1ae64c74ed55bf75da72aade68e84f27c0a3a05bd98ccf2a0?s=96&d=mm&r=g","url":"https:\/\/secure.gravatar.com\/avatar\/6fc6afbbb919cee1ae64c74ed55bf75da72aade68e84f27c0a3a05bd98ccf2a0?s=96&d=mm&r=g","contentUrl":"https:\/\/secure.gravatar.com\/avatar\/6fc6afbbb919cee1ae64c74ed55bf75da72aade68e84f27c0a3a05bd98ccf2a0?s=96&d=mm&r=g","caption":"Gavri"},"sameAs":["https:\/\/gavri.es\/blog"]}]}},"_links":{"self":[{"href":"https:\/\/gavri-src.addisnetwork.es\/blog\/wp-json\/wp\/v2\/posts\/87","targetHints":{"allow":["GET"]}}],"collection":[{"href":"https:\/\/gavri-src.addisnetwork.es\/blog\/wp-json\/wp\/v2\/posts"}],"about":[{"href":"https:\/\/gavri-src.addisnetwork.es\/blog\/wp-json\/wp\/v2\/types\/post"}],"author":[{"embeddable":true,"href":"https:\/\/gavri-src.addisnetwork.es\/blog\/wp-json\/wp\/v2\/users\/1"}],"replies":[{"embeddable":true,"href":"https:\/\/gavri-src.addisnetwork.es\/blog\/wp-json\/wp\/v2\/comments?post=87"}],"version-history":[{"count":3,"href":"https:\/\/gavri-src.addisnetwork.es\/blog\/wp-json\/wp\/v2\/posts\/87\/revisions"}],"predecessor-version":[{"id":539,"href":"https:\/\/gavri-src.addisnetwork.es\/blog\/wp-json\/wp\/v2\/posts\/87\/revisions\/539"}],"wp:featuredmedia":[{"embeddable":true,"href":"https:\/\/gavri-src.addisnetwork.es\/blog\/wp-json\/wp\/v2\/media\/152"}],"wp:attachment":[{"href":"https:\/\/gavri-src.addisnetwork.es\/blog\/wp-json\/wp\/v2\/media?parent=87"}],"wp:term":[{"taxonomy":"category","embeddable":true,"href":"https:\/\/gavri-src.addisnetwork.es\/blog\/wp-json\/wp\/v2\/categories?post=87"},{"taxonomy":"post_tag","embeddable":true,"href":"https:\/\/gavri-src.addisnetwork.es\/blog\/wp-json\/wp\/v2\/tags?post=87"}],"curies":[{"name":"wp","href":"https:\/\/api.w.org\/{rel}","templated":true}]}}