{"id":878,"date":"2023-07-05T11:51:05","date_gmt":"2023-07-05T11:51:05","guid":{"rendered":"https:\/\/gavri.es\/blog\/?p=878"},"modified":"2023-07-05T11:51:21","modified_gmt":"2023-07-05T11:51:21","slug":"guia-compra-aires-acondicionados-como-elegir-adecuado","status":"publish","type":"post","link":"https:\/\/gavri-src.addisnetwork.es\/blog\/guia-compra-aires-acondicionados-como-elegir-adecuado.html","title":{"rendered":"Gu\u00eda de compra de aires acondicionados: c\u00f3mo elegir el adecuado"},"content":{"rendered":"\n<p>En los meses de calor, los aires acondicionados pueden marcar la diferencia entre una casa fresca y confortable o un ambiente inc\u00f3modo. Sin embargo, con tantas opciones disponibles en el mercado, elegir el aire acondicionado adecuado puede resultar abrumador.\u00a0<\/p>\n\n\n\n<p>En <a href=\"https:\/\/gavri.es\/\">Gavri<\/a> hemos preparado una gu\u00eda te ayudar\u00e1 a comprender los factores clave que debes tener en cuenta al comprar un aire acondicionado.<\/p>\n\n\n\n<p>\u00bfEst\u00e1s listo? \u00a1Comienza a refrescar tu casa con el mejor aire acondicionado!<\/p>\n\n\n\n<!--more-->\n\n\n\n<h2 class=\"wp-block-heading\"><strong>Capacidad y tama\u00f1o de los aires acondicionados<\/strong><\/h2>\n\n\n\n<p>Uno de los aspectos m\u00e1s importantes al elegir un aire acondicionado es <strong>su capacidad de enfriamiento<\/strong>. La capacidad se mide en <strong>BTU<\/strong> (unidades t\u00e9rmicas brit\u00e1nicas). Esto representa la cantidad de calor que el aire acondicionado puede eliminar del ambiente en una hora.&nbsp;<\/p>\n\n\n\n<p>Para determinar la capacidad adecuada, <strong>debes considerar el tama\u00f1o de la habitaci\u00f3n o el espacio que deseas enfriar<\/strong>. Un aire acondicionado con una capacidad insuficiente no enfriar\u00e1 adecuadamente la habitaci\u00f3n. Por otro lado, uno con una capacidad excesiva consumir\u00e1 m\u00e1s energ\u00eda sin necesidad.<\/p>\n\n\n\n<h3 class=\"wp-block-heading\"><strong>Tipos de aires acondicionados: Split, port\u00e1til o de ventana<\/strong><\/h3>\n\n\n\n<p>Existen diferentes tipos de aires acondicionados pero cada uno con sus propias ventajas y consideraciones:<\/p>\n\n\n\n<ul class=\"wp-block-list\">\n<li><strong>Aires acondicionados Split<\/strong>. Son los m\u00e1s comunes y constan de dos unidades: una unidad interior y una unidad exterior. La unidad interior se instala dentro de la habitaci\u00f3n y la unidad exterior se coloca en el exterior del edificio. Los aires acondicionados Split ofrecen un enfriamiento eficiente y silencioso.<\/li>\n\n\n\n<li><strong>Aires acondicionados port\u00e1tiles<\/strong>. Son ideales si no se permite la instalaci\u00f3n de unidades fijas o si se requiere un enfriamiento temporal en diferentes espacios. Por ejemplo, nuestro <a href=\"https:\/\/gavri.es\/aires-acondicionados-portatiles\/aire-acondicionado-movil-noaton-ac-5112\"><strong>Aire Acondicionado M\u00f3vil Noaton AC 5112<\/strong><\/a> es perfecto para refrescar cualquier sala.<\/li>\n\n\n\n<li><strong>Aires acondicionados de ventana<\/strong>. Se instalan en una abertura de la ventana y constan de una sola unidad. Son m\u00e1s econ\u00f3micos y f\u00e1ciles de instalar en comparaci\u00f3n con los aires acondicionados Split.&nbsp;<\/li>\n<\/ul>\n\n\n\n<h4 class=\"wp-block-heading\"><strong>Eficiencia energ\u00e9tica de los aires acondicionados port\u00e1tiles<\/strong><\/h4>\n\n\n\n<p>La eficiencia energ\u00e9tica es un factor importante a considerar al comprar un aire acondicionado. Los aires acondicionados con una <strong>mayor eficiencia energ\u00e9tica consumen menos electricidad<\/strong> para proporcionar la misma cantidad de enfriamiento.&nbsp;<\/p>\n\n\n\n<p>Para identificar la eficiencia energ\u00e9tica de un aire acondicionado, consulta la <strong>etiqueta<\/strong> <strong>energ\u00e9tica<\/strong> ya que esta etiqueta clasifica los aparatos en diferentes categor\u00edas de eficiencia, desde A+++ (m\u00e1s eficiente) hasta D (menos eficiente).\u00a0<\/p>\n\n\n\n<p>Optar por uno con una etiqueta energ\u00e9tica alta te permitir\u00e1 <strong>ahorrar dinero<\/strong> en las facturas de electricidad a largo plazo. Si quieres hacerte con uno, el <a href=\"https:\/\/gavri.es\/inicio\/aire-acondicionado-movil-trotec-pac-2600-x-3-en-1\"><strong>Aire Acondicionado M\u00f3vil Trotec PAC 2600<\/strong><\/a> es perfecto.<\/p>\n\n\n\n<h4 class=\"wp-block-heading\"><strong>Caracter\u00edsticas adicionales y funciones de los aires acondicionados m\u00f3viles<\/strong><\/h4>\n\n\n\n<p>Adem\u00e1s de los aspectos mencionados anteriormente, hay otras caracter\u00edsticas y funciones adicionales que debes considerar al comprar un aire acondicionado:<\/p>\n\n\n\n<ul class=\"wp-block-list\">\n<li><strong>Modos de funcionamiento<\/strong>. Muchos aires acondicionados ofrecen diferentes modos, como el modo de refrigeraci\u00f3n, el modo de calefacci\u00f3n, el modo de deshumidificaci\u00f3n y el modo de ventilaci\u00f3n.&nbsp;<\/li>\n\n\n\n<li><strong>Control remoto y programaci\u00f3n<\/strong>. Opta por un aire acondicionado que incluya un control remoto para mayor comodidad. Algunos modelos tambi\u00e9n permiten la programaci\u00f3n de encendido y apagado autom\u00e1ticos.<\/li>\n\n\n\n<li><strong>Filtros de aire<\/strong>. Los filtros de aire de alta calidad son importantes para mantener un ambiente interior limpio y saludable.&nbsp;<\/li>\n\n\n\n<li><strong>Nivel de ruido<\/strong>. Considera el nivel de ruido del aire acondicionado, especialmente si planeas instalarlo en un dormitorio o en un espacio donde el ruido pueda ser molesto.&nbsp;<\/li>\n\n\n\n<li><strong>Mantenimiento y servicio t\u00e9cnico<\/strong>. Investiga sobre la disponibilidad de servicios de mantenimiento y reparaci\u00f3n para el modelo de aire acondicionado que elijas.&nbsp;<\/li>\n<\/ul>\n\n\n\n<p>A causa de esta esta gu\u00eda, estar\u00e1s mejor equipado para tomar una decisi\u00f3n informada y elegir el aire acondicionado adecuado que te brinde confort y frescura durante los d\u00edas calurosos.<\/p>\n\n\n\n<p>\u00a1Entra en Gavri para encontrar m\u00e1s formas de refrigeraci\u00f3n!<\/p>\n","protected":false},"excerpt":{"rendered":"<p>En los meses de calor, los aires acondicionados pueden marcar la diferencia entre una casa fresca y confortable o un ambiente inc\u00f3modo. Sin embargo, con tantas opciones disponibles en el mercado, elegir el aire acondicionado adecuado &#8230; <a title=\"Gu\u00eda de compra de aires acondicionados: c\u00f3mo elegir el adecuado\" class=\"read-more\" href=\"https:\/\/gavri-src.addisnetwork.es\/blog\/guia-compra-aires-acondicionados-como-elegir-adecuado.html\" aria-label=\"M\u00e1s en Gu\u00eda de compra de aires acondicionados: c\u00f3mo elegir el adecuado\">Leer m\u00e1s<\/a><\/p>\n","protected":false},"author":2,"featured_media":879,"comment_status":"open","ping_status":"closed","sticky":false,"template":"","format":"standard","meta":{"footnotes":""},"categories":[31],"tags":[],"class_list":["post-878","post","type-post","status-publish","format-standard","has-post-thumbnail","hentry","category-aire-acondicionado","generate-columns","tablet-grid-50","mobile-grid-100","grid-parent","grid-50","no-featured-image-padding"],"yoast_head":"<!-- This site is optimized with the Yoast SEO plugin v27.5 - https:\/\/yoast.com\/product\/yoast-seo-wordpress\/ -->\n<title>Gu\u00eda de compra de aires acondicionados: c\u00f3mo elegir el adecuado<\/title>\n<meta name=\"description\" content=\"\u00bfNo sabes qu\u00e9 aires acondicionados son mejor para ti? En Gavri hemos preparad una gu\u00eda para ayudarte a elegir. Entra a nuestra web y descubre.\" \/>\n<meta name=\"robots\" content=\"index, follow, max-snippet:-1, max-image-preview:large, max-video-preview:-1\" \/>\n<link rel=\"canonical\" href=\"https:\/\/gavri-src.addisnetwork.es\/blog\/guia-compra-aires-acondicionados-como-elegir-adecuado.html\" \/>\n<meta property=\"og:locale\" content=\"es_ES\" \/>\n<meta property=\"og:type\" content=\"article\" \/>\n<meta property=\"og:title\" content=\"Gu\u00eda de compra de aires acondicionados: c\u00f3mo elegir el adecuado\" \/>\n<meta property=\"og:description\" content=\"\u00bfNo sabes qu\u00e9 aires acondicionados son mejor para ti? En Gavri hemos preparad una gu\u00eda para ayudarte a elegir. Entra a nuestra web y descubre.\" \/>\n<meta property=\"og:url\" content=\"https:\/\/gavri-src.addisnetwork.es\/blog\/guia-compra-aires-acondicionados-como-elegir-adecuado.html\" \/>\n<meta property=\"og:site_name\" content=\"Blog de Gavri.es\" \/>\n<meta property=\"article:published_time\" content=\"2023-07-05T11:51:05+00:00\" \/>\n<meta property=\"article:modified_time\" content=\"2023-07-05T11:51:21+00:00\" \/>\n<meta property=\"og:image\" content=\"https:\/\/gavri-src.addisnetwork.es\/blog\/wp-content\/uploads\/2023\/07\/Guia-de-compra-de-aires-acondicionados-como-elegir-el-adecuado.jpg\" \/>\n\t<meta property=\"og:image:width\" content=\"768\" \/>\n\t<meta property=\"og:image:height\" content=\"796\" \/>\n\t<meta property=\"og:image:type\" content=\"image\/jpeg\" \/>\n<meta name=\"author\" content=\"T\u00e9cnico Gavri\" \/>\n<meta name=\"twitter:card\" content=\"summary_large_image\" \/>\n<meta name=\"twitter:label1\" content=\"Escrito por\" \/>\n\t<meta name=\"twitter:data1\" content=\"T\u00e9cnico Gavri\" \/>\n\t<meta name=\"twitter:label2\" content=\"Tiempo de lectura\" \/>\n\t<meta name=\"twitter:data2\" content=\"3 minutos\" \/>\n<script type=\"application\/ld+json\" class=\"yoast-schema-graph\">{\"@context\":\"https:\\\/\\\/schema.org\",\"@graph\":[{\"@type\":\"Article\",\"@id\":\"https:\\\/\\\/gavri-src.addisnetwork.es\\\/blog\\\/guia-compra-aires-acondicionados-como-elegir-adecuado.html#article\",\"isPartOf\":{\"@id\":\"https:\\\/\\\/gavri-src.addisnetwork.es\\\/blog\\\/guia-compra-aires-acondicionados-como-elegir-adecuado.html\"},\"author\":{\"name\":\"T\u00e9cnico Gavri\",\"@id\":\"https:\\\/\\\/gavri-src.addisnetwork.es\\\/blog\\\/#\\\/schema\\\/person\\\/587329a98b34cfdbbfd1e7fbe7b65296\"},\"headline\":\"Gu\u00eda de compra de aires acondicionados: c\u00f3mo elegir el adecuado\",\"datePublished\":\"2023-07-05T11:51:05+00:00\",\"dateModified\":\"2023-07-05T11:51:21+00:00\",\"mainEntityOfPage\":{\"@id\":\"https:\\\/\\\/gavri-src.addisnetwork.es\\\/blog\\\/guia-compra-aires-acondicionados-como-elegir-adecuado.html\"},\"wordCount\":678,\"commentCount\":0,\"publisher\":{\"@id\":\"https:\\\/\\\/gavri-src.addisnetwork.es\\\/blog\\\/#organization\"},\"image\":{\"@id\":\"https:\\\/\\\/gavri-src.addisnetwork.es\\\/blog\\\/guia-compra-aires-acondicionados-como-elegir-adecuado.html#primaryimage\"},\"thumbnailUrl\":\"https:\\\/\\\/gavri-src.addisnetwork.es\\\/blog\\\/wp-content\\\/uploads\\\/2023\\\/07\\\/Guia-de-compra-de-aires-acondicionados-como-elegir-el-adecuado.jpg\",\"articleSection\":[\"Aire acondicionado\"],\"inLanguage\":\"es\",\"potentialAction\":[{\"@type\":\"CommentAction\",\"name\":\"Comment\",\"target\":[\"https:\\\/\\\/gavri-src.addisnetwork.es\\\/blog\\\/guia-compra-aires-acondicionados-como-elegir-adecuado.html#respond\"]}]},{\"@type\":\"WebPage\",\"@id\":\"https:\\\/\\\/gavri-src.addisnetwork.es\\\/blog\\\/guia-compra-aires-acondicionados-como-elegir-adecuado.html\",\"url\":\"https:\\\/\\\/gavri-src.addisnetwork.es\\\/blog\\\/guia-compra-aires-acondicionados-como-elegir-adecuado.html\",\"name\":\"Gu\u00eda de compra de aires acondicionados: c\u00f3mo elegir el adecuado\",\"isPartOf\":{\"@id\":\"https:\\\/\\\/gavri-src.addisnetwork.es\\\/blog\\\/#website\"},\"primaryImageOfPage\":{\"@id\":\"https:\\\/\\\/gavri-src.addisnetwork.es\\\/blog\\\/guia-compra-aires-acondicionados-como-elegir-adecuado.html#primaryimage\"},\"image\":{\"@id\":\"https:\\\/\\\/gavri-src.addisnetwork.es\\\/blog\\\/guia-compra-aires-acondicionados-como-elegir-adecuado.html#primaryimage\"},\"thumbnailUrl\":\"https:\\\/\\\/gavri-src.addisnetwork.es\\\/blog\\\/wp-content\\\/uploads\\\/2023\\\/07\\\/Guia-de-compra-de-aires-acondicionados-como-elegir-el-adecuado.jpg\",\"datePublished\":\"2023-07-05T11:51:05+00:00\",\"dateModified\":\"2023-07-05T11:51:21+00:00\",\"description\":\"\u00bfNo sabes qu\u00e9 aires acondicionados son mejor para ti? En Gavri hemos preparad una gu\u00eda para ayudarte a elegir. Entra a nuestra web y descubre.\",\"breadcrumb\":{\"@id\":\"https:\\\/\\\/gavri-src.addisnetwork.es\\\/blog\\\/guia-compra-aires-acondicionados-como-elegir-adecuado.html#breadcrumb\"},\"inLanguage\":\"es\",\"potentialAction\":[{\"@type\":\"ReadAction\",\"target\":[\"https:\\\/\\\/gavri-src.addisnetwork.es\\\/blog\\\/guia-compra-aires-acondicionados-como-elegir-adecuado.html\"]}]},{\"@type\":\"ImageObject\",\"inLanguage\":\"es\",\"@id\":\"https:\\\/\\\/gavri-src.addisnetwork.es\\\/blog\\\/guia-compra-aires-acondicionados-como-elegir-adecuado.html#primaryimage\",\"url\":\"https:\\\/\\\/gavri-src.addisnetwork.es\\\/blog\\\/wp-content\\\/uploads\\\/2023\\\/07\\\/Guia-de-compra-de-aires-acondicionados-como-elegir-el-adecuado.jpg\",\"contentUrl\":\"https:\\\/\\\/gavri-src.addisnetwork.es\\\/blog\\\/wp-content\\\/uploads\\\/2023\\\/07\\\/Guia-de-compra-de-aires-acondicionados-como-elegir-el-adecuado.jpg\",\"width\":768,\"height\":796,\"caption\":\"Gu\u00eda de compra de aires acondicionados, c\u00f3mo elegir el adecuado\"},{\"@type\":\"BreadcrumbList\",\"@id\":\"https:\\\/\\\/gavri-src.addisnetwork.es\\\/blog\\\/guia-compra-aires-acondicionados-como-elegir-adecuado.html#breadcrumb\",\"itemListElement\":[{\"@type\":\"ListItem\",\"position\":1,\"name\":\"Portada\",\"item\":\"https:\\\/\\\/gavri-src.addisnetwork.es\\\/blog\"},{\"@type\":\"ListItem\",\"position\":2,\"name\":\"Gu\u00eda de compra de aires acondicionados: c\u00f3mo elegir el adecuado\"}]},{\"@type\":\"WebSite\",\"@id\":\"https:\\\/\\\/gavri-src.addisnetwork.es\\\/blog\\\/#website\",\"url\":\"https:\\\/\\\/gavri-src.addisnetwork.es\\\/blog\\\/\",\"name\":\"Blog de Gavri.es\",\"description\":\"Blog de Gavri.es\",\"publisher\":{\"@id\":\"https:\\\/\\\/gavri-src.addisnetwork.es\\\/blog\\\/#organization\"},\"potentialAction\":[{\"@type\":\"SearchAction\",\"target\":{\"@type\":\"EntryPoint\",\"urlTemplate\":\"https:\\\/\\\/gavri-src.addisnetwork.es\\\/blog\\\/?s={search_term_string}\"},\"query-input\":{\"@type\":\"PropertyValueSpecification\",\"valueRequired\":true,\"valueName\":\"search_term_string\"}}],\"inLanguage\":\"es\"},{\"@type\":\"Organization\",\"@id\":\"https:\\\/\\\/gavri-src.addisnetwork.es\\\/blog\\\/#organization\",\"name\":\"Blog de Gavri.es\",\"url\":\"https:\\\/\\\/gavri-src.addisnetwork.es\\\/blog\\\/\",\"logo\":{\"@type\":\"ImageObject\",\"inLanguage\":\"es\",\"@id\":\"https:\\\/\\\/gavri-src.addisnetwork.es\\\/blog\\\/#\\\/schema\\\/logo\\\/image\\\/\",\"url\":\"https:\\\/\\\/gavri-src.addisnetwork.es\\\/blog\\\/wp-content\\\/uploads\\\/2021\\\/01\\\/cropped-LOGO-gavries-blog-1.png\",\"contentUrl\":\"https:\\\/\\\/gavri-src.addisnetwork.es\\\/blog\\\/wp-content\\\/uploads\\\/2021\\\/01\\\/cropped-LOGO-gavries-blog-1.png\",\"width\":520,\"height\":104,\"caption\":\"Blog de Gavri.es\"},\"image\":{\"@id\":\"https:\\\/\\\/gavri-src.addisnetwork.es\\\/blog\\\/#\\\/schema\\\/logo\\\/image\\\/\"}},{\"@type\":\"Person\",\"@id\":\"https:\\\/\\\/gavri-src.addisnetwork.es\\\/blog\\\/#\\\/schema\\\/person\\\/587329a98b34cfdbbfd1e7fbe7b65296\",\"name\":\"T\u00e9cnico Gavri\",\"image\":{\"@type\":\"ImageObject\",\"inLanguage\":\"es\",\"@id\":\"https:\\\/\\\/secure.gravatar.com\\\/avatar\\\/05be1fcb2076939c113859ec2cf09bc4b6b366950c2e7c2d51962780ab5e6d80?s=96&d=mm&r=g\",\"url\":\"https:\\\/\\\/secure.gravatar.com\\\/avatar\\\/05be1fcb2076939c113859ec2cf09bc4b6b366950c2e7c2d51962780ab5e6d80?s=96&d=mm&r=g\",\"contentUrl\":\"https:\\\/\\\/secure.gravatar.com\\\/avatar\\\/05be1fcb2076939c113859ec2cf09bc4b6b366950c2e7c2d51962780ab5e6d80?s=96&d=mm&r=g\",\"caption\":\"T\u00e9cnico Gavri\"}}]}<\/script>\n<!-- \/ Yoast SEO plugin. -->","yoast_head_json":{"title":"Gu\u00eda de compra de aires acondicionados: c\u00f3mo elegir el adecuado","description":"\u00bfNo sabes qu\u00e9 aires acondicionados son mejor para ti? En Gavri hemos preparad una gu\u00eda para ayudarte a elegir. Entra a nuestra web y descubre.","robots":{"index":"index","follow":"follow","max-snippet":"max-snippet:-1","max-image-preview":"max-image-preview:large","max-video-preview":"max-video-preview:-1"},"canonical":"https:\/\/gavri-src.addisnetwork.es\/blog\/guia-compra-aires-acondicionados-como-elegir-adecuado.html","og_locale":"es_ES","og_type":"article","og_title":"Gu\u00eda de compra de aires acondicionados: c\u00f3mo elegir el adecuado","og_description":"\u00bfNo sabes qu\u00e9 aires acondicionados son mejor para ti? En Gavri hemos preparad una gu\u00eda para ayudarte a elegir. Entra a nuestra web y descubre.","og_url":"https:\/\/gavri-src.addisnetwork.es\/blog\/guia-compra-aires-acondicionados-como-elegir-adecuado.html","og_site_name":"Blog de Gavri.es","article_published_time":"2023-07-05T11:51:05+00:00","article_modified_time":"2023-07-05T11:51:21+00:00","og_image":[{"width":768,"height":796,"url":"https:\/\/gavri-src.addisnetwork.es\/blog\/wp-content\/uploads\/2023\/07\/Guia-de-compra-de-aires-acondicionados-como-elegir-el-adecuado.jpg","type":"image\/jpeg"}],"author":"T\u00e9cnico Gavri","twitter_card":"summary_large_image","twitter_misc":{"Escrito por":"T\u00e9cnico Gavri","Tiempo de lectura":"3 minutos"},"schema":{"@context":"https:\/\/schema.org","@graph":[{"@type":"Article","@id":"https:\/\/gavri-src.addisnetwork.es\/blog\/guia-compra-aires-acondicionados-como-elegir-adecuado.html#article","isPartOf":{"@id":"https:\/\/gavri-src.addisnetwork.es\/blog\/guia-compra-aires-acondicionados-como-elegir-adecuado.html"},"author":{"name":"T\u00e9cnico Gavri","@id":"https:\/\/gavri-src.addisnetwork.es\/blog\/#\/schema\/person\/587329a98b34cfdbbfd1e7fbe7b65296"},"headline":"Gu\u00eda de compra de aires acondicionados: c\u00f3mo elegir el adecuado","datePublished":"2023-07-05T11:51:05+00:00","dateModified":"2023-07-05T11:51:21+00:00","mainEntityOfPage":{"@id":"https:\/\/gavri-src.addisnetwork.es\/blog\/guia-compra-aires-acondicionados-como-elegir-adecuado.html"},"wordCount":678,"commentCount":0,"publisher":{"@id":"https:\/\/gavri-src.addisnetwork.es\/blog\/#organization"},"image":{"@id":"https:\/\/gavri-src.addisnetwork.es\/blog\/guia-compra-aires-acondicionados-como-elegir-adecuado.html#primaryimage"},"thumbnailUrl":"https:\/\/gavri-src.addisnetwork.es\/blog\/wp-content\/uploads\/2023\/07\/Guia-de-compra-de-aires-acondicionados-como-elegir-el-adecuado.jpg","articleSection":["Aire acondicionado"],"inLanguage":"es","potentialAction":[{"@type":"CommentAction","name":"Comment","target":["https:\/\/gavri-src.addisnetwork.es\/blog\/guia-compra-aires-acondicionados-como-elegir-adecuado.html#respond"]}]},{"@type":"WebPage","@id":"https:\/\/gavri-src.addisnetwork.es\/blog\/guia-compra-aires-acondicionados-como-elegir-adecuado.html","url":"https:\/\/gavri-src.addisnetwork.es\/blog\/guia-compra-aires-acondicionados-como-elegir-adecuado.html","name":"Gu\u00eda de compra de aires acondicionados: c\u00f3mo elegir el adecuado","isPartOf":{"@id":"https:\/\/gavri-src.addisnetwork.es\/blog\/#website"},"primaryImageOfPage":{"@id":"https:\/\/gavri-src.addisnetwork.es\/blog\/guia-compra-aires-acondicionados-como-elegir-adecuado.html#primaryimage"},"image":{"@id":"https:\/\/gavri-src.addisnetwork.es\/blog\/guia-compra-aires-acondicionados-como-elegir-adecuado.html#primaryimage"},"thumbnailUrl":"https:\/\/gavri-src.addisnetwork.es\/blog\/wp-content\/uploads\/2023\/07\/Guia-de-compra-de-aires-acondicionados-como-elegir-el-adecuado.jpg","datePublished":"2023-07-05T11:51:05+00:00","dateModified":"2023-07-05T11:51:21+00:00","description":"\u00bfNo sabes qu\u00e9 aires acondicionados son mejor para ti? En Gavri hemos preparad una gu\u00eda para ayudarte a elegir. Entra a nuestra web y descubre.","breadcrumb":{"@id":"https:\/\/gavri-src.addisnetwork.es\/blog\/guia-compra-aires-acondicionados-como-elegir-adecuado.html#breadcrumb"},"inLanguage":"es","potentialAction":[{"@type":"ReadAction","target":["https:\/\/gavri-src.addisnetwork.es\/blog\/guia-compra-aires-acondicionados-como-elegir-adecuado.html"]}]},{"@type":"ImageObject","inLanguage":"es","@id":"https:\/\/gavri-src.addisnetwork.es\/blog\/guia-compra-aires-acondicionados-como-elegir-adecuado.html#primaryimage","url":"https:\/\/gavri-src.addisnetwork.es\/blog\/wp-content\/uploads\/2023\/07\/Guia-de-compra-de-aires-acondicionados-como-elegir-el-adecuado.jpg","contentUrl":"https:\/\/gavri-src.addisnetwork.es\/blog\/wp-content\/uploads\/2023\/07\/Guia-de-compra-de-aires-acondicionados-como-elegir-el-adecuado.jpg","width":768,"height":796,"caption":"Gu\u00eda de compra de aires acondicionados, c\u00f3mo elegir el adecuado"},{"@type":"BreadcrumbList","@id":"https:\/\/gavri-src.addisnetwork.es\/blog\/guia-compra-aires-acondicionados-como-elegir-adecuado.html#breadcrumb","itemListElement":[{"@type":"ListItem","position":1,"name":"Portada","item":"https:\/\/gavri-src.addisnetwork.es\/blog"},{"@type":"ListItem","position":2,"name":"Gu\u00eda de compra de aires acondicionados: c\u00f3mo elegir el adecuado"}]},{"@type":"WebSite","@id":"https:\/\/gavri-src.addisnetwork.es\/blog\/#website","url":"https:\/\/gavri-src.addisnetwork.es\/blog\/","name":"Blog de Gavri.es","description":"Blog de Gavri.es","publisher":{"@id":"https:\/\/gavri-src.addisnetwork.es\/blog\/#organization"},"potentialAction":[{"@type":"SearchAction","target":{"@type":"EntryPoint","urlTemplate":"https:\/\/gavri-src.addisnetwork.es\/blog\/?s={search_term_string}"},"query-input":{"@type":"PropertyValueSpecification","valueRequired":true,"valueName":"search_term_string"}}],"inLanguage":"es"},{"@type":"Organization","@id":"https:\/\/gavri-src.addisnetwork.es\/blog\/#organization","name":"Blog de Gavri.es","url":"https:\/\/gavri-src.addisnetwork.es\/blog\/","logo":{"@type":"ImageObject","inLanguage":"es","@id":"https:\/\/gavri-src.addisnetwork.es\/blog\/#\/schema\/logo\/image\/","url":"https:\/\/gavri-src.addisnetwork.es\/blog\/wp-content\/uploads\/2021\/01\/cropped-LOGO-gavries-blog-1.png","contentUrl":"https:\/\/gavri-src.addisnetwork.es\/blog\/wp-content\/uploads\/2021\/01\/cropped-LOGO-gavries-blog-1.png","width":520,"height":104,"caption":"Blog de Gavri.es"},"image":{"@id":"https:\/\/gavri-src.addisnetwork.es\/blog\/#\/schema\/logo\/image\/"}},{"@type":"Person","@id":"https:\/\/gavri-src.addisnetwork.es\/blog\/#\/schema\/person\/587329a98b34cfdbbfd1e7fbe7b65296","name":"T\u00e9cnico Gavri","image":{"@type":"ImageObject","inLanguage":"es","@id":"https:\/\/secure.gravatar.com\/avatar\/05be1fcb2076939c113859ec2cf09bc4b6b366950c2e7c2d51962780ab5e6d80?s=96&d=mm&r=g","url":"https:\/\/secure.gravatar.com\/avatar\/05be1fcb2076939c113859ec2cf09bc4b6b366950c2e7c2d51962780ab5e6d80?s=96&d=mm&r=g","contentUrl":"https:\/\/secure.gravatar.com\/avatar\/05be1fcb2076939c113859ec2cf09bc4b6b366950c2e7c2d51962780ab5e6d80?s=96&d=mm&r=g","caption":"T\u00e9cnico Gavri"}}]}},"_links":{"self":[{"href":"https:\/\/gavri-src.addisnetwork.es\/blog\/wp-json\/wp\/v2\/posts\/878","targetHints":{"allow":["GET"]}}],"collection":[{"href":"https:\/\/gavri-src.addisnetwork.es\/blog\/wp-json\/wp\/v2\/posts"}],"about":[{"href":"https:\/\/gavri-src.addisnetwork.es\/blog\/wp-json\/wp\/v2\/types\/post"}],"author":[{"embeddable":true,"href":"https:\/\/gavri-src.addisnetwork.es\/blog\/wp-json\/wp\/v2\/users\/2"}],"replies":[{"embeddable":true,"href":"https:\/\/gavri-src.addisnetwork.es\/blog\/wp-json\/wp\/v2\/comments?post=878"}],"version-history":[{"count":1,"href":"https:\/\/gavri-src.addisnetwork.es\/blog\/wp-json\/wp\/v2\/posts\/878\/revisions"}],"predecessor-version":[{"id":880,"href":"https:\/\/gavri-src.addisnetwork.es\/blog\/wp-json\/wp\/v2\/posts\/878\/revisions\/880"}],"wp:featuredmedia":[{"embeddable":true,"href":"https:\/\/gavri-src.addisnetwork.es\/blog\/wp-json\/wp\/v2\/media\/879"}],"wp:attachment":[{"href":"https:\/\/gavri-src.addisnetwork.es\/blog\/wp-json\/wp\/v2\/media?parent=878"}],"wp:term":[{"taxonomy":"category","embeddable":true,"href":"https:\/\/gavri-src.addisnetwork.es\/blog\/wp-json\/wp\/v2\/categories?post=878"},{"taxonomy":"post_tag","embeddable":true,"href":"https:\/\/gavri-src.addisnetwork.es\/blog\/wp-json\/wp\/v2\/tags?post=878"}],"curies":[{"name":"wp","href":"https:\/\/api.w.org\/{rel}","templated":true}]}}