{"id":888,"date":"2023-07-19T11:22:46","date_gmt":"2023-07-19T11:22:46","guid":{"rendered":"https:\/\/gavri.es\/blog\/?p=888"},"modified":"2023-07-19T11:23:10","modified_gmt":"2023-07-19T11:23:10","slug":"ventiladores-techo-madera-maciza-frescor-eficiencia","status":"publish","type":"post","link":"https:\/\/gavri-src.addisnetwork.es\/blog\/ventiladores-techo-madera-maciza-frescor-eficiencia.html","title":{"rendered":"Ventiladores de techo de madera maciza, \u00a1frescor y eficiencia!"},"content":{"rendered":"\n<p>En los calurosos d\u00edas de verano, tener una adecuada circulaci\u00f3n de aire en nuestro hogar se convierte en una prioridad. Una soluci\u00f3n eficiente y est\u00e9ticamente agradable son los ventiladores de techo de madera maciza. Estos ventiladores combinan la frescura de la madera con un rendimiento \u00f3ptimo, proporcionando una brisa suave y refrescante en cualquier habitaci\u00f3n.&nbsp;<\/p>\n\n\n\n<p>En <a href=\"https:\/\/gavri.es\/\">Gavri<\/a> queremos contarte en este post las ventajas de estos ventiladores. Adem\u00e1s, te contaremos c\u00f3mo pueden mejorar la comodidad y el estilo de tu hogar.<\/p>\n\n\n\n<p>\u00bfQuieres saber m\u00e1s? \u00a1Qu\u00e9date en este post y toma nota!<\/p>\n\n\n\n<!--more-->\n\n\n\n<h2 class=\"wp-block-heading\"><strong>Elegancia y estilo en un solo ventilador de techo<\/strong><\/h2>\n\n\n\n<p>Los ventiladores de madera maciza son una <strong>opci\u00f3n elegante y sofisticada<\/strong> para cualquier espacio. La belleza natural de la madera maciza agrega un <strong>toque de calidez y encanto<\/strong> a la decoraci\u00f3n de tu hogar.&nbsp;<\/p>\n\n\n\n<p>Puedes encontrar una amplia <strong>variedad de estilos y acabados de madera<\/strong>, desde tonos claros y suaves hasta maderas oscuras y ricas. Esto te permite elegir el que mejor se adapte a tu gusto y decoraci\u00f3n.<\/p>\n\n\n\n<p>Por ejemplo, si te gusta un estilo m\u00e1s elegante, puedes optar por nuestro <a href=\"https:\/\/gavri.es\/inicio\/ventilador-de-techo-casafan-318017-eco-genuino-180cm-madera-maciza-nogal-negro-mate\"><strong>Ventilador de Techo CasaFan Eco Genuino Nogal\/Negro Mate<\/strong><\/a>. Por otro lado, si prefieres algo m\u00e1s moderno, el <a href=\"https:\/\/gavri.es\/ventiladores-de-techo\/ventilador-de-techo-casafan-313292-eco-plano-wood-we-nt\"><strong>Ventilador de Techo CasaFan Eco Pano Wood WE-NT<\/strong><\/a> es perfecto.<\/p>\n\n\n\n<h3 class=\"wp-block-heading\"><strong>Ventilador para el techo con eficiencia energ\u00e9tica y frescor constante<\/strong><\/h3>\n\n\n\n<p>Adem\u00e1s de su belleza, los ventiladores de madera maciza son <strong>altamente eficientes en t\u00e9rminos de consumo de energ\u00eda<\/strong>. El <a href=\"https:\/\/gavri.es\/inicio\/ventilador-de-techo-casafan-315220-eco-airscrew-152-madera-maciza-cromo-satinado\"><strong>Ventilador de Techo CasaFan Eco Airscrew 152 Madera Maciza \/ Cromo Satinado<\/strong><\/a> consume entre 3W y 31W. Adem\u00e1s, es capaz de manejar el aire y tener la misma efectividad que otros ventiladores convencionales.&nbsp;<\/p>\n\n\n\n<p>Estos ventiladores <strong>utilizan mucha menos energ\u00eda<\/strong> que los aires acondicionados y pueden ayudarte a <strong>reducir los costos de electricidad<\/strong> durante los meses m\u00e1s calurosos. La circulaci\u00f3n constante del aire generado por estos ventiladores <strong>mantiene la temperatura<\/strong> <strong>ambiente agradable y fresca<\/strong>. Esto te permite disfrutar de un ambiente m\u00e1s c\u00f3modo sin gastar de m\u00e1s.<\/p>\n\n\n\n<h4 class=\"wp-block-heading\"><strong>Durabilidad y resistencia con nuestros ventiladores de techo<\/strong><\/h4>\n\n\n\n<p>La madera maciza utilizada en los ventiladores de techo es conocida por su <strong>durabilidad y resistencia<\/strong>. Estos ventiladores est\u00e1n dise\u00f1ados para soportar el paso del tiempo y ofrecer un rendimiento confiable durante muchos a\u00f1os.&nbsp;<\/p>\n\n\n\n<p>La madera maciza es menos propensa a deformarse o agrietarse, lo que garantiza un <strong>funcionamiento suave y silencioso<\/strong> incluso despu\u00e9s de un uso prolongado.<\/p>\n\n\n\n<p>Adem\u00e1s, los ventiladores que encontrar\u00e1s en Gavri, como el <a href=\"https:\/\/gavri.es\/inicio\/ventilador-de-techo-casafan-313251-aeroplan-eco-madera-maciza-blanco\"><strong>Ventilado de Techo CasaFan Aeroplan Eco Madera Maciza\/Blanco<\/strong><\/a>, tienen <strong>25 a\u00f1os de garant\u00eda<\/strong>. Por lo que no tendr\u00e1s que preocuparte si se estropean.<\/p>\n\n\n\n<h4 class=\"wp-block-heading\"><strong>Comodidad en todas las estaciones con un ventilador con luz de techo<\/strong><\/h4>\n\n\n\n<p>Los ventiladores de techo de madera maciza no solo brindan frescor en verano, sino que tambi\u00e9n pueden ser <strong>\u00fatiles durante todo el a\u00f1o<\/strong>. Muchos modelos, como el <a href=\"https:\/\/gavri.es\/inicio\/ventilador-de-techo-con-luz-casafan-93112333-aerodynamix-eco-112cm-madera-natural-cromo-cepillado\"><strong>Ventilador de Techo con Luz CasaFan Aerodynamix Eco<\/strong><\/a>, cuentan con la opci\u00f3n de <strong>invertir el sentido de giro de las aspas<\/strong>. Esto permite utilizarlos en invierno para <strong>distribuir el aire caliente<\/strong> que se acumula en la parte superior de la habitaci\u00f3n, ayudando a mantener una temperatura m\u00e1s uniforme.<\/p>\n\n\n\n<p>En conclusi\u00f3n, los ventiladores de techo de madera maciza son una <strong>combinaci\u00f3n perfecta de estilo, eficiencia y frescor<\/strong>. Su elegancia y la capacidad de proporcionar un flujo de aire constante los convierten en una elecci\u00f3n popular para aquellos que desean un <strong>ambiente fresco y confortable<\/strong> en su hogar.&nbsp;<\/p>\n\n\n\n<p>No solo brindan una soluci\u00f3n energ\u00e9ticamente eficiente, sino que tambi\u00e9n agregan un toque de elegancia y calidez a cualquier.<\/p>\n\n\n\n<p>Considera estos consejos al elegir el ventilador ideal para tu espacio y disfruta de un ambiente fresco y agradable en todas las estaciones del a\u00f1o. \u00a1Entra en la web de Gavri para encontrar m\u00e1s modelos!<\/p>\n","protected":false},"excerpt":{"rendered":"<p>En los calurosos d\u00edas de verano, tener una adecuada circulaci\u00f3n de aire en nuestro hogar se convierte en una prioridad. Una soluci\u00f3n eficiente y est\u00e9ticamente agradable son los ventiladores de techo de madera maciza. Estos ventiladores &#8230; <a title=\"Ventiladores de techo de madera maciza, \u00a1frescor y eficiencia!\" class=\"read-more\" href=\"https:\/\/gavri-src.addisnetwork.es\/blog\/ventiladores-techo-madera-maciza-frescor-eficiencia.html\" aria-label=\"M\u00e1s en Ventiladores de techo de madera maciza, \u00a1frescor y eficiencia!\">Leer m\u00e1s<\/a><\/p>\n","protected":false},"author":2,"featured_media":889,"comment_status":"open","ping_status":"closed","sticky":false,"template":"","format":"standard","meta":{"footnotes":""},"categories":[24],"tags":[118,119,9],"class_list":["post-888","post","type-post","status-publish","format-standard","has-post-thumbnail","hentry","category-ventiladores-de-techo","tag-eficiencia","tag-frescor","tag-ventiladores-de-techo","generate-columns","tablet-grid-50","mobile-grid-100","grid-parent","grid-50","no-featured-image-padding"],"yoast_head":"<!-- This site is optimized with the Yoast SEO plugin v27.5 - https:\/\/yoast.com\/product\/yoast-seo-wordpress\/ -->\n<title>Ventiladores de techo de madera maciza, \u00a1frescor y eficiencia!<\/title>\n<meta name=\"description\" content=\"\u00bfConoces la eficiencia de los ventiladores de techo de madera maciza? En Gavri te contamos sus ventajas. \u00a1Entra en nuestra p\u00e1gina web para saber m\u00e1s!\" \/>\n<meta name=\"robots\" content=\"index, follow, max-snippet:-1, max-image-preview:large, max-video-preview:-1\" \/>\n<link rel=\"canonical\" href=\"https:\/\/gavri-src.addisnetwork.es\/blog\/ventiladores-techo-madera-maciza-frescor-eficiencia.html\" \/>\n<meta property=\"og:locale\" content=\"es_ES\" \/>\n<meta property=\"og:type\" content=\"article\" \/>\n<meta property=\"og:title\" content=\"Ventiladores de techo de madera maciza, \u00a1frescor y eficiencia!\" \/>\n<meta property=\"og:description\" content=\"\u00bfConoces la eficiencia de los ventiladores de techo de madera maciza? En Gavri te contamos sus ventajas. \u00a1Entra en nuestra p\u00e1gina web para saber m\u00e1s!\" \/>\n<meta property=\"og:url\" content=\"https:\/\/gavri-src.addisnetwork.es\/blog\/ventiladores-techo-madera-maciza-frescor-eficiencia.html\" \/>\n<meta property=\"og:site_name\" content=\"Blog de Gavri.es\" \/>\n<meta property=\"article:published_time\" content=\"2023-07-19T11:22:46+00:00\" \/>\n<meta property=\"article:modified_time\" content=\"2023-07-19T11:23:10+00:00\" \/>\n<meta property=\"og:image\" content=\"https:\/\/gavri-src.addisnetwork.es\/blog\/wp-content\/uploads\/2023\/07\/Ventiladores-de-techo-de-madera-maciza-\u00a1frescor-y-eficiencia.png\" \/>\n\t<meta property=\"og:image:width\" content=\"923\" \/>\n\t<meta property=\"og:image:height\" content=\"667\" \/>\n\t<meta property=\"og:image:type\" content=\"image\/png\" \/>\n<meta name=\"author\" content=\"T\u00e9cnico Gavri\" \/>\n<meta name=\"twitter:card\" content=\"summary_large_image\" \/>\n<meta name=\"twitter:label1\" content=\"Escrito por\" \/>\n\t<meta name=\"twitter:data1\" content=\"T\u00e9cnico Gavri\" \/>\n\t<meta name=\"twitter:label2\" content=\"Tiempo de lectura\" \/>\n\t<meta name=\"twitter:data2\" content=\"3 minutos\" \/>\n<script type=\"application\/ld+json\" class=\"yoast-schema-graph\">{\"@context\":\"https:\\\/\\\/schema.org\",\"@graph\":[{\"@type\":\"Article\",\"@id\":\"https:\\\/\\\/gavri-src.addisnetwork.es\\\/blog\\\/ventiladores-techo-madera-maciza-frescor-eficiencia.html#article\",\"isPartOf\":{\"@id\":\"https:\\\/\\\/gavri-src.addisnetwork.es\\\/blog\\\/ventiladores-techo-madera-maciza-frescor-eficiencia.html\"},\"author\":{\"name\":\"T\u00e9cnico Gavri\",\"@id\":\"https:\\\/\\\/gavri-src.addisnetwork.es\\\/blog\\\/#\\\/schema\\\/person\\\/587329a98b34cfdbbfd1e7fbe7b65296\"},\"headline\":\"Ventiladores de techo de madera maciza, \u00a1frescor y eficiencia!\",\"datePublished\":\"2023-07-19T11:22:46+00:00\",\"dateModified\":\"2023-07-19T11:23:10+00:00\",\"mainEntityOfPage\":{\"@id\":\"https:\\\/\\\/gavri-src.addisnetwork.es\\\/blog\\\/ventiladores-techo-madera-maciza-frescor-eficiencia.html\"},\"wordCount\":671,\"commentCount\":0,\"publisher\":{\"@id\":\"https:\\\/\\\/gavri-src.addisnetwork.es\\\/blog\\\/#organization\"},\"image\":{\"@id\":\"https:\\\/\\\/gavri-src.addisnetwork.es\\\/blog\\\/ventiladores-techo-madera-maciza-frescor-eficiencia.html#primaryimage\"},\"thumbnailUrl\":\"https:\\\/\\\/gavri-src.addisnetwork.es\\\/blog\\\/wp-content\\\/uploads\\\/2023\\\/07\\\/Ventiladores-de-techo-de-madera-maciza-\u00a1frescor-y-eficiencia.png\",\"keywords\":[\"eficiencia\",\"frescor\",\"ventiladores de techo\"],\"articleSection\":[\"Ventiladores de techo\"],\"inLanguage\":\"es\",\"potentialAction\":[{\"@type\":\"CommentAction\",\"name\":\"Comment\",\"target\":[\"https:\\\/\\\/gavri-src.addisnetwork.es\\\/blog\\\/ventiladores-techo-madera-maciza-frescor-eficiencia.html#respond\"]}]},{\"@type\":\"WebPage\",\"@id\":\"https:\\\/\\\/gavri-src.addisnetwork.es\\\/blog\\\/ventiladores-techo-madera-maciza-frescor-eficiencia.html\",\"url\":\"https:\\\/\\\/gavri-src.addisnetwork.es\\\/blog\\\/ventiladores-techo-madera-maciza-frescor-eficiencia.html\",\"name\":\"Ventiladores de techo de madera maciza, \u00a1frescor y eficiencia!\",\"isPartOf\":{\"@id\":\"https:\\\/\\\/gavri-src.addisnetwork.es\\\/blog\\\/#website\"},\"primaryImageOfPage\":{\"@id\":\"https:\\\/\\\/gavri-src.addisnetwork.es\\\/blog\\\/ventiladores-techo-madera-maciza-frescor-eficiencia.html#primaryimage\"},\"image\":{\"@id\":\"https:\\\/\\\/gavri-src.addisnetwork.es\\\/blog\\\/ventiladores-techo-madera-maciza-frescor-eficiencia.html#primaryimage\"},\"thumbnailUrl\":\"https:\\\/\\\/gavri-src.addisnetwork.es\\\/blog\\\/wp-content\\\/uploads\\\/2023\\\/07\\\/Ventiladores-de-techo-de-madera-maciza-\u00a1frescor-y-eficiencia.png\",\"datePublished\":\"2023-07-19T11:22:46+00:00\",\"dateModified\":\"2023-07-19T11:23:10+00:00\",\"description\":\"\u00bfConoces la eficiencia de los ventiladores de techo de madera maciza? En Gavri te contamos sus ventajas. \u00a1Entra en nuestra p\u00e1gina web para saber m\u00e1s!\",\"breadcrumb\":{\"@id\":\"https:\\\/\\\/gavri-src.addisnetwork.es\\\/blog\\\/ventiladores-techo-madera-maciza-frescor-eficiencia.html#breadcrumb\"},\"inLanguage\":\"es\",\"potentialAction\":[{\"@type\":\"ReadAction\",\"target\":[\"https:\\\/\\\/gavri-src.addisnetwork.es\\\/blog\\\/ventiladores-techo-madera-maciza-frescor-eficiencia.html\"]}]},{\"@type\":\"ImageObject\",\"inLanguage\":\"es\",\"@id\":\"https:\\\/\\\/gavri-src.addisnetwork.es\\\/blog\\\/ventiladores-techo-madera-maciza-frescor-eficiencia.html#primaryimage\",\"url\":\"https:\\\/\\\/gavri-src.addisnetwork.es\\\/blog\\\/wp-content\\\/uploads\\\/2023\\\/07\\\/Ventiladores-de-techo-de-madera-maciza-\u00a1frescor-y-eficiencia.png\",\"contentUrl\":\"https:\\\/\\\/gavri-src.addisnetwork.es\\\/blog\\\/wp-content\\\/uploads\\\/2023\\\/07\\\/Ventiladores-de-techo-de-madera-maciza-\u00a1frescor-y-eficiencia.png\",\"width\":923,\"height\":667,\"caption\":\"Ventiladores de techo de madera maciza, \u00a1frescor y eficiencia\"},{\"@type\":\"BreadcrumbList\",\"@id\":\"https:\\\/\\\/gavri-src.addisnetwork.es\\\/blog\\\/ventiladores-techo-madera-maciza-frescor-eficiencia.html#breadcrumb\",\"itemListElement\":[{\"@type\":\"ListItem\",\"position\":1,\"name\":\"Portada\",\"item\":\"https:\\\/\\\/gavri-src.addisnetwork.es\\\/blog\"},{\"@type\":\"ListItem\",\"position\":2,\"name\":\"Ventiladores de techo de madera maciza, \u00a1frescor y eficiencia!\"}]},{\"@type\":\"WebSite\",\"@id\":\"https:\\\/\\\/gavri-src.addisnetwork.es\\\/blog\\\/#website\",\"url\":\"https:\\\/\\\/gavri-src.addisnetwork.es\\\/blog\\\/\",\"name\":\"Blog de Gavri.es\",\"description\":\"Blog de Gavri.es\",\"publisher\":{\"@id\":\"https:\\\/\\\/gavri-src.addisnetwork.es\\\/blog\\\/#organization\"},\"potentialAction\":[{\"@type\":\"SearchAction\",\"target\":{\"@type\":\"EntryPoint\",\"urlTemplate\":\"https:\\\/\\\/gavri-src.addisnetwork.es\\\/blog\\\/?s={search_term_string}\"},\"query-input\":{\"@type\":\"PropertyValueSpecification\",\"valueRequired\":true,\"valueName\":\"search_term_string\"}}],\"inLanguage\":\"es\"},{\"@type\":\"Organization\",\"@id\":\"https:\\\/\\\/gavri-src.addisnetwork.es\\\/blog\\\/#organization\",\"name\":\"Blog de Gavri.es\",\"url\":\"https:\\\/\\\/gavri-src.addisnetwork.es\\\/blog\\\/\",\"logo\":{\"@type\":\"ImageObject\",\"inLanguage\":\"es\",\"@id\":\"https:\\\/\\\/gavri-src.addisnetwork.es\\\/blog\\\/#\\\/schema\\\/logo\\\/image\\\/\",\"url\":\"https:\\\/\\\/gavri-src.addisnetwork.es\\\/blog\\\/wp-content\\\/uploads\\\/2021\\\/01\\\/cropped-LOGO-gavries-blog-1.png\",\"contentUrl\":\"https:\\\/\\\/gavri-src.addisnetwork.es\\\/blog\\\/wp-content\\\/uploads\\\/2021\\\/01\\\/cropped-LOGO-gavries-blog-1.png\",\"width\":520,\"height\":104,\"caption\":\"Blog de Gavri.es\"},\"image\":{\"@id\":\"https:\\\/\\\/gavri-src.addisnetwork.es\\\/blog\\\/#\\\/schema\\\/logo\\\/image\\\/\"}},{\"@type\":\"Person\",\"@id\":\"https:\\\/\\\/gavri-src.addisnetwork.es\\\/blog\\\/#\\\/schema\\\/person\\\/587329a98b34cfdbbfd1e7fbe7b65296\",\"name\":\"T\u00e9cnico Gavri\",\"image\":{\"@type\":\"ImageObject\",\"inLanguage\":\"es\",\"@id\":\"https:\\\/\\\/secure.gravatar.com\\\/avatar\\\/05be1fcb2076939c113859ec2cf09bc4b6b366950c2e7c2d51962780ab5e6d80?s=96&d=mm&r=g\",\"url\":\"https:\\\/\\\/secure.gravatar.com\\\/avatar\\\/05be1fcb2076939c113859ec2cf09bc4b6b366950c2e7c2d51962780ab5e6d80?s=96&d=mm&r=g\",\"contentUrl\":\"https:\\\/\\\/secure.gravatar.com\\\/avatar\\\/05be1fcb2076939c113859ec2cf09bc4b6b366950c2e7c2d51962780ab5e6d80?s=96&d=mm&r=g\",\"caption\":\"T\u00e9cnico Gavri\"}}]}<\/script>\n<!-- \/ Yoast SEO plugin. -->","yoast_head_json":{"title":"Ventiladores de techo de madera maciza, \u00a1frescor y eficiencia!","description":"\u00bfConoces la eficiencia de los ventiladores de techo de madera maciza? En Gavri te contamos sus ventajas. \u00a1Entra en nuestra p\u00e1gina web para saber m\u00e1s!","robots":{"index":"index","follow":"follow","max-snippet":"max-snippet:-1","max-image-preview":"max-image-preview:large","max-video-preview":"max-video-preview:-1"},"canonical":"https:\/\/gavri-src.addisnetwork.es\/blog\/ventiladores-techo-madera-maciza-frescor-eficiencia.html","og_locale":"es_ES","og_type":"article","og_title":"Ventiladores de techo de madera maciza, \u00a1frescor y eficiencia!","og_description":"\u00bfConoces la eficiencia de los ventiladores de techo de madera maciza? En Gavri te contamos sus ventajas. \u00a1Entra en nuestra p\u00e1gina web para saber m\u00e1s!","og_url":"https:\/\/gavri-src.addisnetwork.es\/blog\/ventiladores-techo-madera-maciza-frescor-eficiencia.html","og_site_name":"Blog de Gavri.es","article_published_time":"2023-07-19T11:22:46+00:00","article_modified_time":"2023-07-19T11:23:10+00:00","og_image":[{"width":923,"height":667,"url":"https:\/\/gavri-src.addisnetwork.es\/blog\/wp-content\/uploads\/2023\/07\/Ventiladores-de-techo-de-madera-maciza-\u00a1frescor-y-eficiencia.png","type":"image\/png"}],"author":"T\u00e9cnico Gavri","twitter_card":"summary_large_image","twitter_misc":{"Escrito por":"T\u00e9cnico Gavri","Tiempo de lectura":"3 minutos"},"schema":{"@context":"https:\/\/schema.org","@graph":[{"@type":"Article","@id":"https:\/\/gavri-src.addisnetwork.es\/blog\/ventiladores-techo-madera-maciza-frescor-eficiencia.html#article","isPartOf":{"@id":"https:\/\/gavri-src.addisnetwork.es\/blog\/ventiladores-techo-madera-maciza-frescor-eficiencia.html"},"author":{"name":"T\u00e9cnico Gavri","@id":"https:\/\/gavri-src.addisnetwork.es\/blog\/#\/schema\/person\/587329a98b34cfdbbfd1e7fbe7b65296"},"headline":"Ventiladores de techo de madera maciza, \u00a1frescor y eficiencia!","datePublished":"2023-07-19T11:22:46+00:00","dateModified":"2023-07-19T11:23:10+00:00","mainEntityOfPage":{"@id":"https:\/\/gavri-src.addisnetwork.es\/blog\/ventiladores-techo-madera-maciza-frescor-eficiencia.html"},"wordCount":671,"commentCount":0,"publisher":{"@id":"https:\/\/gavri-src.addisnetwork.es\/blog\/#organization"},"image":{"@id":"https:\/\/gavri-src.addisnetwork.es\/blog\/ventiladores-techo-madera-maciza-frescor-eficiencia.html#primaryimage"},"thumbnailUrl":"https:\/\/gavri-src.addisnetwork.es\/blog\/wp-content\/uploads\/2023\/07\/Ventiladores-de-techo-de-madera-maciza-\u00a1frescor-y-eficiencia.png","keywords":["eficiencia","frescor","ventiladores de techo"],"articleSection":["Ventiladores de techo"],"inLanguage":"es","potentialAction":[{"@type":"CommentAction","name":"Comment","target":["https:\/\/gavri-src.addisnetwork.es\/blog\/ventiladores-techo-madera-maciza-frescor-eficiencia.html#respond"]}]},{"@type":"WebPage","@id":"https:\/\/gavri-src.addisnetwork.es\/blog\/ventiladores-techo-madera-maciza-frescor-eficiencia.html","url":"https:\/\/gavri-src.addisnetwork.es\/blog\/ventiladores-techo-madera-maciza-frescor-eficiencia.html","name":"Ventiladores de techo de madera maciza, \u00a1frescor y eficiencia!","isPartOf":{"@id":"https:\/\/gavri-src.addisnetwork.es\/blog\/#website"},"primaryImageOfPage":{"@id":"https:\/\/gavri-src.addisnetwork.es\/blog\/ventiladores-techo-madera-maciza-frescor-eficiencia.html#primaryimage"},"image":{"@id":"https:\/\/gavri-src.addisnetwork.es\/blog\/ventiladores-techo-madera-maciza-frescor-eficiencia.html#primaryimage"},"thumbnailUrl":"https:\/\/gavri-src.addisnetwork.es\/blog\/wp-content\/uploads\/2023\/07\/Ventiladores-de-techo-de-madera-maciza-\u00a1frescor-y-eficiencia.png","datePublished":"2023-07-19T11:22:46+00:00","dateModified":"2023-07-19T11:23:10+00:00","description":"\u00bfConoces la eficiencia de los ventiladores de techo de madera maciza? En Gavri te contamos sus ventajas. \u00a1Entra en nuestra p\u00e1gina web para saber m\u00e1s!","breadcrumb":{"@id":"https:\/\/gavri-src.addisnetwork.es\/blog\/ventiladores-techo-madera-maciza-frescor-eficiencia.html#breadcrumb"},"inLanguage":"es","potentialAction":[{"@type":"ReadAction","target":["https:\/\/gavri-src.addisnetwork.es\/blog\/ventiladores-techo-madera-maciza-frescor-eficiencia.html"]}]},{"@type":"ImageObject","inLanguage":"es","@id":"https:\/\/gavri-src.addisnetwork.es\/blog\/ventiladores-techo-madera-maciza-frescor-eficiencia.html#primaryimage","url":"https:\/\/gavri-src.addisnetwork.es\/blog\/wp-content\/uploads\/2023\/07\/Ventiladores-de-techo-de-madera-maciza-\u00a1frescor-y-eficiencia.png","contentUrl":"https:\/\/gavri-src.addisnetwork.es\/blog\/wp-content\/uploads\/2023\/07\/Ventiladores-de-techo-de-madera-maciza-\u00a1frescor-y-eficiencia.png","width":923,"height":667,"caption":"Ventiladores de techo de madera maciza, \u00a1frescor y eficiencia"},{"@type":"BreadcrumbList","@id":"https:\/\/gavri-src.addisnetwork.es\/blog\/ventiladores-techo-madera-maciza-frescor-eficiencia.html#breadcrumb","itemListElement":[{"@type":"ListItem","position":1,"name":"Portada","item":"https:\/\/gavri-src.addisnetwork.es\/blog"},{"@type":"ListItem","position":2,"name":"Ventiladores de techo de madera maciza, \u00a1frescor y eficiencia!"}]},{"@type":"WebSite","@id":"https:\/\/gavri-src.addisnetwork.es\/blog\/#website","url":"https:\/\/gavri-src.addisnetwork.es\/blog\/","name":"Blog de Gavri.es","description":"Blog de Gavri.es","publisher":{"@id":"https:\/\/gavri-src.addisnetwork.es\/blog\/#organization"},"potentialAction":[{"@type":"SearchAction","target":{"@type":"EntryPoint","urlTemplate":"https:\/\/gavri-src.addisnetwork.es\/blog\/?s={search_term_string}"},"query-input":{"@type":"PropertyValueSpecification","valueRequired":true,"valueName":"search_term_string"}}],"inLanguage":"es"},{"@type":"Organization","@id":"https:\/\/gavri-src.addisnetwork.es\/blog\/#organization","name":"Blog de Gavri.es","url":"https:\/\/gavri-src.addisnetwork.es\/blog\/","logo":{"@type":"ImageObject","inLanguage":"es","@id":"https:\/\/gavri-src.addisnetwork.es\/blog\/#\/schema\/logo\/image\/","url":"https:\/\/gavri-src.addisnetwork.es\/blog\/wp-content\/uploads\/2021\/01\/cropped-LOGO-gavries-blog-1.png","contentUrl":"https:\/\/gavri-src.addisnetwork.es\/blog\/wp-content\/uploads\/2021\/01\/cropped-LOGO-gavries-blog-1.png","width":520,"height":104,"caption":"Blog de Gavri.es"},"image":{"@id":"https:\/\/gavri-src.addisnetwork.es\/blog\/#\/schema\/logo\/image\/"}},{"@type":"Person","@id":"https:\/\/gavri-src.addisnetwork.es\/blog\/#\/schema\/person\/587329a98b34cfdbbfd1e7fbe7b65296","name":"T\u00e9cnico Gavri","image":{"@type":"ImageObject","inLanguage":"es","@id":"https:\/\/secure.gravatar.com\/avatar\/05be1fcb2076939c113859ec2cf09bc4b6b366950c2e7c2d51962780ab5e6d80?s=96&d=mm&r=g","url":"https:\/\/secure.gravatar.com\/avatar\/05be1fcb2076939c113859ec2cf09bc4b6b366950c2e7c2d51962780ab5e6d80?s=96&d=mm&r=g","contentUrl":"https:\/\/secure.gravatar.com\/avatar\/05be1fcb2076939c113859ec2cf09bc4b6b366950c2e7c2d51962780ab5e6d80?s=96&d=mm&r=g","caption":"T\u00e9cnico Gavri"}}]}},"_links":{"self":[{"href":"https:\/\/gavri-src.addisnetwork.es\/blog\/wp-json\/wp\/v2\/posts\/888","targetHints":{"allow":["GET"]}}],"collection":[{"href":"https:\/\/gavri-src.addisnetwork.es\/blog\/wp-json\/wp\/v2\/posts"}],"about":[{"href":"https:\/\/gavri-src.addisnetwork.es\/blog\/wp-json\/wp\/v2\/types\/post"}],"author":[{"embeddable":true,"href":"https:\/\/gavri-src.addisnetwork.es\/blog\/wp-json\/wp\/v2\/users\/2"}],"replies":[{"embeddable":true,"href":"https:\/\/gavri-src.addisnetwork.es\/blog\/wp-json\/wp\/v2\/comments?post=888"}],"version-history":[{"count":1,"href":"https:\/\/gavri-src.addisnetwork.es\/blog\/wp-json\/wp\/v2\/posts\/888\/revisions"}],"predecessor-version":[{"id":890,"href":"https:\/\/gavri-src.addisnetwork.es\/blog\/wp-json\/wp\/v2\/posts\/888\/revisions\/890"}],"wp:featuredmedia":[{"embeddable":true,"href":"https:\/\/gavri-src.addisnetwork.es\/blog\/wp-json\/wp\/v2\/media\/889"}],"wp:attachment":[{"href":"https:\/\/gavri-src.addisnetwork.es\/blog\/wp-json\/wp\/v2\/media?parent=888"}],"wp:term":[{"taxonomy":"category","embeddable":true,"href":"https:\/\/gavri-src.addisnetwork.es\/blog\/wp-json\/wp\/v2\/categories?post=888"},{"taxonomy":"post_tag","embeddable":true,"href":"https:\/\/gavri-src.addisnetwork.es\/blog\/wp-json\/wp\/v2\/tags?post=888"}],"curies":[{"name":"wp","href":"https:\/\/api.w.org\/{rel}","templated":true}]}}