{"id":898,"date":"2023-08-09T11:17:24","date_gmt":"2023-08-09T11:17:24","guid":{"rendered":"https:\/\/gavri.es\/blog\/?p=898"},"modified":"2023-08-09T11:17:24","modified_gmt":"2023-08-09T11:17:24","slug":"como-introducir-ventiladores-techo-escuelas-guia-basica","status":"publish","type":"post","link":"https:\/\/gavri-src.addisnetwork.es\/blog\/como-introducir-ventiladores-techo-escuelas-guia-basica.html","title":{"rendered":"\u00bfC\u00f3mo introducir ventiladores de techo en escuelas? Gu\u00eda b\u00e1sica"},"content":{"rendered":"\n<p>Garantizar una buena circulaci\u00f3n de aire y una temperatura adecuada en las escuelas es esencial para proporcionar un ambiente c\u00f3modo y propicio para el aprendizaje. En este sentido, la instalaci\u00f3n de ventiladores de techo puede ser una soluci\u00f3n efectiva y econ\u00f3mica.<\/p>\n\n\n\n<p>En <a href=\"https:\/\/gavri.es\/\">Gavri<\/a> queremos presentarte una gu\u00eda b\u00e1sica sobre c\u00f3mo introducir estos aparatos en escuelas. Aqu\u00ed destacaremos sus beneficios y proporcionaremos informaci\u00f3n pr\u00e1ctica para llevar a cabo este proceso de manera exitosa.<\/p>\n\n\n\n<p>\u00bfQuieres saber m\u00e1s? \u00a1Toma nota y fomenta la concentraci\u00f3n!<\/p>\n\n\n\n<!--more-->\n\n\n\n<h2 class=\"wp-block-heading\"><strong>Beneficios de los ventiladores de techo en escuelas<\/strong><\/h2>\n\n\n\n<p>Los <a href=\"https:\/\/gavri.es\/ventiladores-de-techo\">ventiladores de techo<\/a> ofrecen una serie de beneficios significativos para las escuelas. En primer lugar, se encargan de <strong>mejorar la circulaci\u00f3n del aire en las aulas y<\/strong> <strong>en otros espacios<\/strong>. Esto ayuda a reducir la sensaci\u00f3n de calor y proporciona un ambiente m\u00e1s fresco y confortable para estudiantes y profesores.<\/p>\n\n\n\n<p>Adem\u00e1s, en comparaci\u00f3n con los sistemas de aire acondicionado, los ventiladores de techo <strong>consumen mucha menos energ\u00eda<\/strong>. Esto se traduce en ahorros significativos en los costos de electricidad de la escuela. De esta forma, podr\u00e1s destinar esos recursos a otras necesidades educativas.<\/p>\n\n\n\n<p>Por otro lado, los ventiladores <strong>son muy vers\u00e1tiles y se adaptan a diferentes espacios<\/strong>. Pueden instalarse en aulas, bibliotecas, comedores o cualquier otro lugar donde se requiera una mejor ventilaci\u00f3n.<\/p>\n\n\n\n<h3 class=\"wp-block-heading\"><strong>Planificaci\u00f3n y evaluaci\u00f3n de las necesidades para elegir un ventilador de techo<\/strong><\/h3>\n\n\n\n<p>Antes de introducir los ventiladores, es importante realizar una planificaci\u00f3n cuidadosa y evaluar las necesidades de la escuela. A continuaci\u00f3n, se presentan algunos pasos clave a seguir:<\/p>\n\n\n\n<ul class=\"wp-block-list\">\n<li><strong>Identificar las \u00e1reas prioritarias<\/strong>. Determina los espacios de la escuela que requieren una mejor circulaci\u00f3n de aire. Estas \u00e1reas pueden incluir aulas, laboratorios, bibliotecas o zonas comunes.&nbsp;<\/li>\n\n\n\n<li><strong>Consultar con profesionales<\/strong>. Si no est\u00e1s seguro acerca de las necesidades espec\u00edficas de ventilaci\u00f3n de la escuela, consulta con profesionales en climatizaci\u00f3n y sistemas de ventilaci\u00f3n.&nbsp;<\/li>\n\n\n\n<li><strong>Presupuesto y recursos disponibles<\/strong>. Define un presupuesto para la instalaci\u00f3n de los ventiladores de techo. Explora tambi\u00e9n la posibilidad de obtener fondos o subvenciones para proyectos de eficiencia energ\u00e9tica en escuelas<\/li>\n<\/ul>\n\n\n\n<h4 class=\"wp-block-heading\"><strong>Selecci\u00f3n e instalaci\u00f3n de los ventiladores de techo con luz<\/strong><\/h4>\n\n\n\n<p>Una vez que hayas evaluado las necesidades de la escuela, es hora de seleccionar e instalar los ventiladores adecuados. Para ello, es importante <strong>investigar y comparar diferentes marcas y modelos<\/strong>. Ten en cuenta la calidad, la eficiencia energ\u00e9tica y las caracter\u00edsticas espec\u00edficas de cada uno.\u00a0<\/p>\n\n\n\n<p>Asimismo, debes <strong>determinar el tama\u00f1o adecuado de los ventiladores en funci\u00f3n del \u00e1rea a cubrir<\/strong>. Desde Gavri te recomendamos medir la longitud de dos paredes y multiplicar las cifras entre s\u00ed. El resultado te dar\u00e1 los metros cuadrados de la habitaci\u00f3n.\u00a0<\/p>\n\n\n\n<p>Una vez sepas esa medida, podr\u00e1s escoger el ventilador que mejor se adec\u00fae. Por ejemplo, para salas de hasta 10m<sup>2<\/sup>, el <a href=\"https:\/\/gavri.es\/ventiladores-de-techo-sin-aspas\/ventilador-de-techo-sin-aspas-noaton-11045b-polaris-negro\"><strong>Ventilador de Techo sin Aspas Noaton 11045B Polaris<\/strong><\/a> es perfecto. Pero si necesitas un aparato que abarque un \u00e1rea mayor, el <a href=\"https:\/\/gavri.es\/inicio\/ventilador-de-techo-con-luz-casafan-518001-classic-royal-180cm-laton-antiguo-nogal\"><strong>Ventilador de Techo con Luz CasaFan Classic Royal 180cm<\/strong><\/a><strong> <\/strong>es perfecto para aulas de hasta 50m<sup>2<\/sup>.<\/p>\n\n\n\n<h4 class=\"wp-block-heading\"><strong>Promover el uso responsable sobre los ventiladores de techo silenciosos<\/strong><\/h4>\n\n\n\n<p>Una vez que los ventiladores est\u00e9n instalados, es importante promover su uso responsable y educar a la comunidad educativa sobre sus beneficios. Aqu\u00ed hay algunas recomendaciones:<\/p>\n\n\n\n<ul class=\"wp-block-list\">\n<li><strong>Capacitaci\u00f3n del personal<\/strong>. Organiza sesiones de capacitaci\u00f3n para el personal de la escuela sobre c\u00f3mo usar y controlar adecuadamente los ventiladores de techo.&nbsp;<\/li>\n\n\n\n<li><strong>Fomentar la conciencia energ\u00e9tica<\/strong>. Ense\u00f1a a estudiantes y profesores sobre la importancia de la eficiencia energ\u00e9tica y c\u00f3mo los ventiladores de techo contribuyen a reducir el consumo de energ\u00eda.&nbsp;<\/li>\n\n\n\n<li><strong>Monitoreo y evaluaci\u00f3n<\/strong>. Realiza un seguimiento regular del rendimiento de los ventiladores de techo.&nbsp;<\/li>\n<\/ul>\n\n\n\n<p>En conclusi\u00f3n, la introducci\u00f3n de ventiladores en las escuelas puede mejorar el bienestar y el entorno de aprendizaje de los estudiantes. Con una buena circulaci\u00f3n de aire, las escuelas pueden crear entornos m\u00e1s c\u00f3modos y propicios para el \u00e9xito educativo.<\/p>\n\n\n\n<p>\u00a1P\u00e1sate por Gavri para saber m\u00e1s!<\/p>\n","protected":false},"excerpt":{"rendered":"<p>Garantizar una buena circulaci\u00f3n de aire y una temperatura adecuada en las escuelas es esencial para proporcionar un ambiente c\u00f3modo y propicio para el aprendizaje. En este sentido, la instalaci\u00f3n de ventiladores de techo puede ser &#8230; <a title=\"\u00bfC\u00f3mo introducir ventiladores de techo en escuelas? Gu\u00eda b\u00e1sica\" class=\"read-more\" href=\"https:\/\/gavri-src.addisnetwork.es\/blog\/como-introducir-ventiladores-techo-escuelas-guia-basica.html\" aria-label=\"M\u00e1s en \u00bfC\u00f3mo introducir ventiladores de techo en escuelas? Gu\u00eda b\u00e1sica\">Leer m\u00e1s<\/a><\/p>\n","protected":false},"author":1,"featured_media":899,"comment_status":"open","ping_status":"closed","sticky":false,"template":"","format":"standard","meta":{"footnotes":""},"categories":[24],"tags":[7,8,9,56],"class_list":["post-898","post","type-post","status-publish","format-standard","has-post-thumbnail","hentry","category-ventiladores-de-techo","tag-ventilacion","tag-ventiladores","tag-ventiladores-de-techo","tag-ventiladores-de-techo-con-luz","generate-columns","tablet-grid-50","mobile-grid-100","grid-parent","grid-50","no-featured-image-padding"],"yoast_head":"<!-- This site is optimized with the Yoast SEO plugin v27.4 - https:\/\/yoast.com\/product\/yoast-seo-wordpress\/ -->\n<title>\u00bfC\u00f3mo introducir ventiladores de techo en escuelas? Gu\u00eda b\u00e1sica<\/title>\n<meta name=\"description\" content=\"Los ventiladores de techo son herramientas \u00fatiles para tener un ambiente agradable en las escuelas. En Gavri te contamos por qu\u00e9. \u00a1Vis\u00edtanos!\" \/>\n<meta name=\"robots\" content=\"index, follow, max-snippet:-1, max-image-preview:large, max-video-preview:-1\" \/>\n<link rel=\"canonical\" href=\"https:\/\/gavri-src.addisnetwork.es\/blog\/como-introducir-ventiladores-techo-escuelas-guia-basica.html\" \/>\n<meta property=\"og:locale\" content=\"es_ES\" \/>\n<meta property=\"og:type\" content=\"article\" \/>\n<meta property=\"og:title\" content=\"\u00bfC\u00f3mo introducir ventiladores de techo en escuelas? Gu\u00eda b\u00e1sica\" \/>\n<meta property=\"og:description\" content=\"Los ventiladores de techo son herramientas \u00fatiles para tener un ambiente agradable en las escuelas. En Gavri te contamos por qu\u00e9. \u00a1Vis\u00edtanos!\" \/>\n<meta property=\"og:url\" content=\"https:\/\/gavri-src.addisnetwork.es\/blog\/como-introducir-ventiladores-techo-escuelas-guia-basica.html\" \/>\n<meta property=\"og:site_name\" content=\"Blog de Gavri.es\" \/>\n<meta property=\"article:published_time\" content=\"2023-08-09T11:17:24+00:00\" \/>\n<meta property=\"og:image\" content=\"https:\/\/gavri-src.addisnetwork.es\/blog\/wp-content\/uploads\/2023\/08\/\u00bfComo-introducir-ventiladores-de-techo-en-escuelas-Guia-basica.png\" \/>\n\t<meta property=\"og:image:width\" content=\"924\" \/>\n\t<meta property=\"og:image:height\" content=\"413\" \/>\n\t<meta property=\"og:image:type\" content=\"image\/png\" \/>\n<meta name=\"author\" content=\"Gavri\" \/>\n<meta name=\"twitter:card\" content=\"summary_large_image\" \/>\n<meta name=\"twitter:label1\" content=\"Escrito por\" \/>\n\t<meta name=\"twitter:data1\" content=\"Gavri\" \/>\n\t<meta name=\"twitter:label2\" content=\"Tiempo de lectura\" \/>\n\t<meta name=\"twitter:data2\" content=\"3 minutos\" \/>\n<script type=\"application\/ld+json\" class=\"yoast-schema-graph\">{\"@context\":\"https:\\\/\\\/schema.org\",\"@graph\":[{\"@type\":\"Article\",\"@id\":\"https:\\\/\\\/gavri-src.addisnetwork.es\\\/blog\\\/como-introducir-ventiladores-techo-escuelas-guia-basica.html#article\",\"isPartOf\":{\"@id\":\"https:\\\/\\\/gavri-src.addisnetwork.es\\\/blog\\\/como-introducir-ventiladores-techo-escuelas-guia-basica.html\"},\"author\":{\"name\":\"Gavri\",\"@id\":\"https:\\\/\\\/gavri-src.addisnetwork.es\\\/blog\\\/#\\\/schema\\\/person\\\/3df0699bd314187860df00e3b73fbf75\"},\"headline\":\"\u00bfC\u00f3mo introducir ventiladores de techo en escuelas? Gu\u00eda b\u00e1sica\",\"datePublished\":\"2023-08-09T11:17:24+00:00\",\"mainEntityOfPage\":{\"@id\":\"https:\\\/\\\/gavri-src.addisnetwork.es\\\/blog\\\/como-introducir-ventiladores-techo-escuelas-guia-basica.html\"},\"wordCount\":715,\"commentCount\":0,\"publisher\":{\"@id\":\"https:\\\/\\\/gavri-src.addisnetwork.es\\\/blog\\\/#organization\"},\"image\":{\"@id\":\"https:\\\/\\\/gavri-src.addisnetwork.es\\\/blog\\\/como-introducir-ventiladores-techo-escuelas-guia-basica.html#primaryimage\"},\"thumbnailUrl\":\"https:\\\/\\\/gavri-src.addisnetwork.es\\\/blog\\\/wp-content\\\/uploads\\\/2023\\\/08\\\/\u00bfComo-introducir-ventiladores-de-techo-en-escuelas-Guia-basica.png\",\"keywords\":[\"ventilacion\",\"ventiladores\",\"ventiladores de techo\",\"ventiladores de techo con luz\"],\"articleSection\":[\"Ventiladores de techo\"],\"inLanguage\":\"es\",\"potentialAction\":[{\"@type\":\"CommentAction\",\"name\":\"Comment\",\"target\":[\"https:\\\/\\\/gavri-src.addisnetwork.es\\\/blog\\\/como-introducir-ventiladores-techo-escuelas-guia-basica.html#respond\"]}]},{\"@type\":\"WebPage\",\"@id\":\"https:\\\/\\\/gavri-src.addisnetwork.es\\\/blog\\\/como-introducir-ventiladores-techo-escuelas-guia-basica.html\",\"url\":\"https:\\\/\\\/gavri-src.addisnetwork.es\\\/blog\\\/como-introducir-ventiladores-techo-escuelas-guia-basica.html\",\"name\":\"\u00bfC\u00f3mo introducir ventiladores de techo en escuelas? Gu\u00eda b\u00e1sica\",\"isPartOf\":{\"@id\":\"https:\\\/\\\/gavri-src.addisnetwork.es\\\/blog\\\/#website\"},\"primaryImageOfPage\":{\"@id\":\"https:\\\/\\\/gavri-src.addisnetwork.es\\\/blog\\\/como-introducir-ventiladores-techo-escuelas-guia-basica.html#primaryimage\"},\"image\":{\"@id\":\"https:\\\/\\\/gavri-src.addisnetwork.es\\\/blog\\\/como-introducir-ventiladores-techo-escuelas-guia-basica.html#primaryimage\"},\"thumbnailUrl\":\"https:\\\/\\\/gavri-src.addisnetwork.es\\\/blog\\\/wp-content\\\/uploads\\\/2023\\\/08\\\/\u00bfComo-introducir-ventiladores-de-techo-en-escuelas-Guia-basica.png\",\"datePublished\":\"2023-08-09T11:17:24+00:00\",\"description\":\"Los ventiladores de techo son herramientas \u00fatiles para tener un ambiente agradable en las escuelas. En Gavri te contamos por qu\u00e9. \u00a1Vis\u00edtanos!\",\"breadcrumb\":{\"@id\":\"https:\\\/\\\/gavri-src.addisnetwork.es\\\/blog\\\/como-introducir-ventiladores-techo-escuelas-guia-basica.html#breadcrumb\"},\"inLanguage\":\"es\",\"potentialAction\":[{\"@type\":\"ReadAction\",\"target\":[\"https:\\\/\\\/gavri-src.addisnetwork.es\\\/blog\\\/como-introducir-ventiladores-techo-escuelas-guia-basica.html\"]}]},{\"@type\":\"ImageObject\",\"inLanguage\":\"es\",\"@id\":\"https:\\\/\\\/gavri-src.addisnetwork.es\\\/blog\\\/como-introducir-ventiladores-techo-escuelas-guia-basica.html#primaryimage\",\"url\":\"https:\\\/\\\/gavri-src.addisnetwork.es\\\/blog\\\/wp-content\\\/uploads\\\/2023\\\/08\\\/\u00bfComo-introducir-ventiladores-de-techo-en-escuelas-Guia-basica.png\",\"contentUrl\":\"https:\\\/\\\/gavri-src.addisnetwork.es\\\/blog\\\/wp-content\\\/uploads\\\/2023\\\/08\\\/\u00bfComo-introducir-ventiladores-de-techo-en-escuelas-Guia-basica.png\",\"width\":924,\"height\":413,\"caption\":\"\u00bfC\u00f3mo introducir ventiladores de techo en escuelas, Gu\u00eda b\u00e1sica\"},{\"@type\":\"BreadcrumbList\",\"@id\":\"https:\\\/\\\/gavri-src.addisnetwork.es\\\/blog\\\/como-introducir-ventiladores-techo-escuelas-guia-basica.html#breadcrumb\",\"itemListElement\":[{\"@type\":\"ListItem\",\"position\":1,\"name\":\"Portada\",\"item\":\"https:\\\/\\\/gavri-src.addisnetwork.es\\\/blog\"},{\"@type\":\"ListItem\",\"position\":2,\"name\":\"\u00bfC\u00f3mo introducir ventiladores de techo en escuelas? Gu\u00eda b\u00e1sica\"}]},{\"@type\":\"WebSite\",\"@id\":\"https:\\\/\\\/gavri-src.addisnetwork.es\\\/blog\\\/#website\",\"url\":\"https:\\\/\\\/gavri-src.addisnetwork.es\\\/blog\\\/\",\"name\":\"Blog de Gavri.es\",\"description\":\"Blog de Gavri.es\",\"publisher\":{\"@id\":\"https:\\\/\\\/gavri-src.addisnetwork.es\\\/blog\\\/#organization\"},\"potentialAction\":[{\"@type\":\"SearchAction\",\"target\":{\"@type\":\"EntryPoint\",\"urlTemplate\":\"https:\\\/\\\/gavri-src.addisnetwork.es\\\/blog\\\/?s={search_term_string}\"},\"query-input\":{\"@type\":\"PropertyValueSpecification\",\"valueRequired\":true,\"valueName\":\"search_term_string\"}}],\"inLanguage\":\"es\"},{\"@type\":\"Organization\",\"@id\":\"https:\\\/\\\/gavri-src.addisnetwork.es\\\/blog\\\/#organization\",\"name\":\"Blog de Gavri.es\",\"url\":\"https:\\\/\\\/gavri-src.addisnetwork.es\\\/blog\\\/\",\"logo\":{\"@type\":\"ImageObject\",\"inLanguage\":\"es\",\"@id\":\"https:\\\/\\\/gavri-src.addisnetwork.es\\\/blog\\\/#\\\/schema\\\/logo\\\/image\\\/\",\"url\":\"https:\\\/\\\/gavri-src.addisnetwork.es\\\/blog\\\/wp-content\\\/uploads\\\/2021\\\/01\\\/cropped-LOGO-gavries-blog-1.png\",\"contentUrl\":\"https:\\\/\\\/gavri-src.addisnetwork.es\\\/blog\\\/wp-content\\\/uploads\\\/2021\\\/01\\\/cropped-LOGO-gavries-blog-1.png\",\"width\":520,\"height\":104,\"caption\":\"Blog de Gavri.es\"},\"image\":{\"@id\":\"https:\\\/\\\/gavri-src.addisnetwork.es\\\/blog\\\/#\\\/schema\\\/logo\\\/image\\\/\"}},{\"@type\":\"Person\",\"@id\":\"https:\\\/\\\/gavri-src.addisnetwork.es\\\/blog\\\/#\\\/schema\\\/person\\\/3df0699bd314187860df00e3b73fbf75\",\"name\":\"Gavri\",\"image\":{\"@type\":\"ImageObject\",\"inLanguage\":\"es\",\"@id\":\"https:\\\/\\\/secure.gravatar.com\\\/avatar\\\/6fc6afbbb919cee1ae64c74ed55bf75da72aade68e84f27c0a3a05bd98ccf2a0?s=96&d=mm&r=g\",\"url\":\"https:\\\/\\\/secure.gravatar.com\\\/avatar\\\/6fc6afbbb919cee1ae64c74ed55bf75da72aade68e84f27c0a3a05bd98ccf2a0?s=96&d=mm&r=g\",\"contentUrl\":\"https:\\\/\\\/secure.gravatar.com\\\/avatar\\\/6fc6afbbb919cee1ae64c74ed55bf75da72aade68e84f27c0a3a05bd98ccf2a0?s=96&d=mm&r=g\",\"caption\":\"Gavri\"},\"sameAs\":[\"https:\\\/\\\/gavri.es\\\/blog\"]}]}<\/script>\n<!-- \/ Yoast SEO plugin. -->","yoast_head_json":{"title":"\u00bfC\u00f3mo introducir ventiladores de techo en escuelas? Gu\u00eda b\u00e1sica","description":"Los ventiladores de techo son herramientas \u00fatiles para tener un ambiente agradable en las escuelas. En Gavri te contamos por qu\u00e9. \u00a1Vis\u00edtanos!","robots":{"index":"index","follow":"follow","max-snippet":"max-snippet:-1","max-image-preview":"max-image-preview:large","max-video-preview":"max-video-preview:-1"},"canonical":"https:\/\/gavri-src.addisnetwork.es\/blog\/como-introducir-ventiladores-techo-escuelas-guia-basica.html","og_locale":"es_ES","og_type":"article","og_title":"\u00bfC\u00f3mo introducir ventiladores de techo en escuelas? Gu\u00eda b\u00e1sica","og_description":"Los ventiladores de techo son herramientas \u00fatiles para tener un ambiente agradable en las escuelas. En Gavri te contamos por qu\u00e9. \u00a1Vis\u00edtanos!","og_url":"https:\/\/gavri-src.addisnetwork.es\/blog\/como-introducir-ventiladores-techo-escuelas-guia-basica.html","og_site_name":"Blog de Gavri.es","article_published_time":"2023-08-09T11:17:24+00:00","og_image":[{"width":924,"height":413,"url":"https:\/\/gavri-src.addisnetwork.es\/blog\/wp-content\/uploads\/2023\/08\/\u00bfComo-introducir-ventiladores-de-techo-en-escuelas-Guia-basica.png","type":"image\/png"}],"author":"Gavri","twitter_card":"summary_large_image","twitter_misc":{"Escrito por":"Gavri","Tiempo de lectura":"3 minutos"},"schema":{"@context":"https:\/\/schema.org","@graph":[{"@type":"Article","@id":"https:\/\/gavri-src.addisnetwork.es\/blog\/como-introducir-ventiladores-techo-escuelas-guia-basica.html#article","isPartOf":{"@id":"https:\/\/gavri-src.addisnetwork.es\/blog\/como-introducir-ventiladores-techo-escuelas-guia-basica.html"},"author":{"name":"Gavri","@id":"https:\/\/gavri-src.addisnetwork.es\/blog\/#\/schema\/person\/3df0699bd314187860df00e3b73fbf75"},"headline":"\u00bfC\u00f3mo introducir ventiladores de techo en escuelas? Gu\u00eda b\u00e1sica","datePublished":"2023-08-09T11:17:24+00:00","mainEntityOfPage":{"@id":"https:\/\/gavri-src.addisnetwork.es\/blog\/como-introducir-ventiladores-techo-escuelas-guia-basica.html"},"wordCount":715,"commentCount":0,"publisher":{"@id":"https:\/\/gavri-src.addisnetwork.es\/blog\/#organization"},"image":{"@id":"https:\/\/gavri-src.addisnetwork.es\/blog\/como-introducir-ventiladores-techo-escuelas-guia-basica.html#primaryimage"},"thumbnailUrl":"https:\/\/gavri-src.addisnetwork.es\/blog\/wp-content\/uploads\/2023\/08\/\u00bfComo-introducir-ventiladores-de-techo-en-escuelas-Guia-basica.png","keywords":["ventilacion","ventiladores","ventiladores de techo","ventiladores de techo con luz"],"articleSection":["Ventiladores de techo"],"inLanguage":"es","potentialAction":[{"@type":"CommentAction","name":"Comment","target":["https:\/\/gavri-src.addisnetwork.es\/blog\/como-introducir-ventiladores-techo-escuelas-guia-basica.html#respond"]}]},{"@type":"WebPage","@id":"https:\/\/gavri-src.addisnetwork.es\/blog\/como-introducir-ventiladores-techo-escuelas-guia-basica.html","url":"https:\/\/gavri-src.addisnetwork.es\/blog\/como-introducir-ventiladores-techo-escuelas-guia-basica.html","name":"\u00bfC\u00f3mo introducir ventiladores de techo en escuelas? Gu\u00eda b\u00e1sica","isPartOf":{"@id":"https:\/\/gavri-src.addisnetwork.es\/blog\/#website"},"primaryImageOfPage":{"@id":"https:\/\/gavri-src.addisnetwork.es\/blog\/como-introducir-ventiladores-techo-escuelas-guia-basica.html#primaryimage"},"image":{"@id":"https:\/\/gavri-src.addisnetwork.es\/blog\/como-introducir-ventiladores-techo-escuelas-guia-basica.html#primaryimage"},"thumbnailUrl":"https:\/\/gavri-src.addisnetwork.es\/blog\/wp-content\/uploads\/2023\/08\/\u00bfComo-introducir-ventiladores-de-techo-en-escuelas-Guia-basica.png","datePublished":"2023-08-09T11:17:24+00:00","description":"Los ventiladores de techo son herramientas \u00fatiles para tener un ambiente agradable en las escuelas. En Gavri te contamos por qu\u00e9. \u00a1Vis\u00edtanos!","breadcrumb":{"@id":"https:\/\/gavri-src.addisnetwork.es\/blog\/como-introducir-ventiladores-techo-escuelas-guia-basica.html#breadcrumb"},"inLanguage":"es","potentialAction":[{"@type":"ReadAction","target":["https:\/\/gavri-src.addisnetwork.es\/blog\/como-introducir-ventiladores-techo-escuelas-guia-basica.html"]}]},{"@type":"ImageObject","inLanguage":"es","@id":"https:\/\/gavri-src.addisnetwork.es\/blog\/como-introducir-ventiladores-techo-escuelas-guia-basica.html#primaryimage","url":"https:\/\/gavri-src.addisnetwork.es\/blog\/wp-content\/uploads\/2023\/08\/\u00bfComo-introducir-ventiladores-de-techo-en-escuelas-Guia-basica.png","contentUrl":"https:\/\/gavri-src.addisnetwork.es\/blog\/wp-content\/uploads\/2023\/08\/\u00bfComo-introducir-ventiladores-de-techo-en-escuelas-Guia-basica.png","width":924,"height":413,"caption":"\u00bfC\u00f3mo introducir ventiladores de techo en escuelas, Gu\u00eda b\u00e1sica"},{"@type":"BreadcrumbList","@id":"https:\/\/gavri-src.addisnetwork.es\/blog\/como-introducir-ventiladores-techo-escuelas-guia-basica.html#breadcrumb","itemListElement":[{"@type":"ListItem","position":1,"name":"Portada","item":"https:\/\/gavri-src.addisnetwork.es\/blog"},{"@type":"ListItem","position":2,"name":"\u00bfC\u00f3mo introducir ventiladores de techo en escuelas? Gu\u00eda b\u00e1sica"}]},{"@type":"WebSite","@id":"https:\/\/gavri-src.addisnetwork.es\/blog\/#website","url":"https:\/\/gavri-src.addisnetwork.es\/blog\/","name":"Blog de Gavri.es","description":"Blog de Gavri.es","publisher":{"@id":"https:\/\/gavri-src.addisnetwork.es\/blog\/#organization"},"potentialAction":[{"@type":"SearchAction","target":{"@type":"EntryPoint","urlTemplate":"https:\/\/gavri-src.addisnetwork.es\/blog\/?s={search_term_string}"},"query-input":{"@type":"PropertyValueSpecification","valueRequired":true,"valueName":"search_term_string"}}],"inLanguage":"es"},{"@type":"Organization","@id":"https:\/\/gavri-src.addisnetwork.es\/blog\/#organization","name":"Blog de Gavri.es","url":"https:\/\/gavri-src.addisnetwork.es\/blog\/","logo":{"@type":"ImageObject","inLanguage":"es","@id":"https:\/\/gavri-src.addisnetwork.es\/blog\/#\/schema\/logo\/image\/","url":"https:\/\/gavri-src.addisnetwork.es\/blog\/wp-content\/uploads\/2021\/01\/cropped-LOGO-gavries-blog-1.png","contentUrl":"https:\/\/gavri-src.addisnetwork.es\/blog\/wp-content\/uploads\/2021\/01\/cropped-LOGO-gavries-blog-1.png","width":520,"height":104,"caption":"Blog de Gavri.es"},"image":{"@id":"https:\/\/gavri-src.addisnetwork.es\/blog\/#\/schema\/logo\/image\/"}},{"@type":"Person","@id":"https:\/\/gavri-src.addisnetwork.es\/blog\/#\/schema\/person\/3df0699bd314187860df00e3b73fbf75","name":"Gavri","image":{"@type":"ImageObject","inLanguage":"es","@id":"https:\/\/secure.gravatar.com\/avatar\/6fc6afbbb919cee1ae64c74ed55bf75da72aade68e84f27c0a3a05bd98ccf2a0?s=96&d=mm&r=g","url":"https:\/\/secure.gravatar.com\/avatar\/6fc6afbbb919cee1ae64c74ed55bf75da72aade68e84f27c0a3a05bd98ccf2a0?s=96&d=mm&r=g","contentUrl":"https:\/\/secure.gravatar.com\/avatar\/6fc6afbbb919cee1ae64c74ed55bf75da72aade68e84f27c0a3a05bd98ccf2a0?s=96&d=mm&r=g","caption":"Gavri"},"sameAs":["https:\/\/gavri.es\/blog"]}]}},"_links":{"self":[{"href":"https:\/\/gavri-src.addisnetwork.es\/blog\/wp-json\/wp\/v2\/posts\/898","targetHints":{"allow":["GET"]}}],"collection":[{"href":"https:\/\/gavri-src.addisnetwork.es\/blog\/wp-json\/wp\/v2\/posts"}],"about":[{"href":"https:\/\/gavri-src.addisnetwork.es\/blog\/wp-json\/wp\/v2\/types\/post"}],"author":[{"embeddable":true,"href":"https:\/\/gavri-src.addisnetwork.es\/blog\/wp-json\/wp\/v2\/users\/1"}],"replies":[{"embeddable":true,"href":"https:\/\/gavri-src.addisnetwork.es\/blog\/wp-json\/wp\/v2\/comments?post=898"}],"version-history":[{"count":1,"href":"https:\/\/gavri-src.addisnetwork.es\/blog\/wp-json\/wp\/v2\/posts\/898\/revisions"}],"predecessor-version":[{"id":900,"href":"https:\/\/gavri-src.addisnetwork.es\/blog\/wp-json\/wp\/v2\/posts\/898\/revisions\/900"}],"wp:featuredmedia":[{"embeddable":true,"href":"https:\/\/gavri-src.addisnetwork.es\/blog\/wp-json\/wp\/v2\/media\/899"}],"wp:attachment":[{"href":"https:\/\/gavri-src.addisnetwork.es\/blog\/wp-json\/wp\/v2\/media?parent=898"}],"wp:term":[{"taxonomy":"category","embeddable":true,"href":"https:\/\/gavri-src.addisnetwork.es\/blog\/wp-json\/wp\/v2\/categories?post=898"},{"taxonomy":"post_tag","embeddable":true,"href":"https:\/\/gavri-src.addisnetwork.es\/blog\/wp-json\/wp\/v2\/tags?post=898"}],"curies":[{"name":"wp","href":"https:\/\/api.w.org\/{rel}","templated":true}]}}