{"id":90,"date":"2021-04-29T08:39:09","date_gmt":"2021-04-29T08:39:09","guid":{"rendered":"https:\/\/gavri.ivansol.com\/blog\/?p=90"},"modified":"2021-04-30T14:33:43","modified_gmt":"2021-04-30T14:33:43","slug":"ventilacion-y-purificacion-en-espacios-cerrados-para-prevenir-los-contagios-en-aulas","status":"publish","type":"post","link":"https:\/\/gavri-src.addisnetwork.es\/blog\/ventilacion-y-purificacion-en-espacios-cerrados-para-prevenir-los-contagios-en-aulas.html","title":{"rendered":"Ventilaci\u00f3n y Purificaci\u00f3n en espacios cerrados para prevenir los contagios en aulas"},"content":{"rendered":"\n<p><span style=\"font-size: 12pt;\">Los colegios est\u00e1n sufriendo de primera l\u00ednea las consecuencias de la pandemia al ser un importante posible <strong>foco de contagio<\/strong>. De ah\u00ed que muchos colegios, fam\u00edlias y asociaciones de padres (AMPAs) est\u00e9n optando por el uso de <strong>Purificadores de aire<\/strong>.<\/span><\/p>\n\n\n\n<h2 class=\"wp-block-heading\"><strong>Ministerio de Sanidad <a href=\"https:\/\/www.mscbs.gob.es\/profesionales\/saludPublica\/ccayes\/alertasActual\/nCov\/documentos\/Recomendaciones_de_operacion_y_mantenimiento.pdf\" target=\"_blank\" rel=\"noreferrer noopener nofollow\">recomienda<\/a> el uso de Purificadores de aire para aulas y la mejora de la ventilaci\u00f3n<\/strong><\/h2>\n\n\n\n<p><span style=\"font-size: 12pt;\">El <strong>CSIC <\/strong>ha elaborado una <a href=\"https:\/\/www.ciencia.gob.es\/stfls\/MICINN\/Ministerio\/FICHEROS\/guia_para_ventilacion_en_aulas_csic.pdf\" target=\"_blank\" rel=\"noreferrer noopener nofollow\">gu\u00eda sobre c\u00f3mo debe ser la purificaci\u00f3n y la ventilaci\u00f3n en las aulas<\/a> para reducir el riesgo de contagio por la Covid-19. Han definido unas pautas para una <strong>purificaci\u00f3n del aire eficaz <\/strong>y para determinar si las condiciones de <strong>ventilaci\u00f3n <\/strong>alcanzadas son <strong>adecuadas<\/strong>.<\/span><\/p>\n\n\n\n<p>En esta gu\u00eda por ejemplo se detalla como la ventilaci\u00f3n forzada ayuda a ventilar el aire y en este caso a reducir los posible contagios. La ventilaci\u00f3n forzada puedes ser en los laterales mediante el uso ventiladores laterales (figura de la izquiera), o mediante por ejemplo el uso de un ventilador de techo (figura de la derecha).<\/p>\n\n\n\n<figure class=\"wp-block-image size-large\"><img loading=\"lazy\" decoding=\"async\" width=\"996\" height=\"409\" src=\"https:\/\/gavri.es\/blog\/wp-content\/uploads\/2021\/04\/purificadores-HEPA-para-aulas-y-colegios-1.jpg\" alt=\"\" class=\"wp-image-362\" srcset=\"https:\/\/gavri-src.addisnetwork.es\/blog\/wp-content\/uploads\/2021\/04\/purificadores-HEPA-para-aulas-y-colegios-1.jpg 996w, https:\/\/gavri-src.addisnetwork.es\/blog\/wp-content\/uploads\/2021\/04\/purificadores-HEPA-para-aulas-y-colegios-1-300x123.jpg 300w, https:\/\/gavri-src.addisnetwork.es\/blog\/wp-content\/uploads\/2021\/04\/purificadores-HEPA-para-aulas-y-colegios-1-768x315.jpg 768w\" sizes=\"auto, (max-width: 996px) 100vw, 996px\" \/><\/figure>\n\n\n\n<p>OTRA RAZ\u00d3N PARA COMPRAR VENTILADORES EN INVIERNO: Permite ahorrar hasta un 30% de la calefacci\u00f3n (modo inverso). M\u00e1s<a href=\"https:\/\/gavri.es\/blog\/tips-para-ahorrar-en-tu-factura-de-la-luz-con-ventiladores-de-techo-b65.html\" target=\"_blank\" rel=\"noopener\"> info aqu\u00ed<\/a><span style=\"color: #000000;\"><strong><span style=\"font-family: helvetica, sans-serif; font-size: 18pt;\"><\/span><\/strong><\/span><\/p>\n\n\n\n<h2 class=\"wp-block-heading\"><strong>\u00bfQu\u00e9 recomienda exactamente?<\/strong><\/h2>\n\n\n\n<p>El <strong>Ministerio de Sanidad de Espa\u00f1a <\/strong>recomienda el <a href=\"https:\/\/www.ciencia.gob.es\/stfls\/MICINN\/Ministerio\/FICHEROS\/guia_para_ventilacion_en_aulas_csic.pdf\" target=\"_blank\" rel=\"noreferrer noopener nofollow\">uso de equipos con filtros HEPA<\/a> con un porcentaje mayor a >99,95%.<br>Tambi\u00e9n desde el <strong>Gobierno <\/strong><a href=\"https:\/\/www.miteco.gob.es\/es\/ministerio\/medidas-covid19\/sistemas-climatizacion-ventilacion\/guiaderecomendacionesporcovid19ensistemasdeclimatizacion_tcm30-509985.pdf\" target=\"_blank\" rel=\"noreferrer noopener nofollow\">aconsejan el uso de sistemas de climatizaci\u00f3n y ventilaci\u00f3n<\/a> para prevenir los contagios en las aulas.<\/p>\n\n\n\n<pre class=\"wp-block-preformatted\"><span style=\"font-size: 18px;\">Variaci\u00f3n de concentraci\u00f3n de part\u00edculas ultrafinas en un gimnasio escolar con alumnos sin y con purificadores de aire con filtros HEPA.<\/span><\/pre>\n\n\n\n<figure class=\"wp-block-image size-large\"><img loading=\"lazy\" decoding=\"async\" width=\"681\" height=\"449\" src=\"https:\/\/gavri.es\/blog\/wp-content\/uploads\/2021\/04\/purificadores-HEPA-para-aulas-y-colegios.jpg\" alt=\"\" class=\"wp-image-360\" srcset=\"https:\/\/gavri-src.addisnetwork.es\/blog\/wp-content\/uploads\/2021\/04\/purificadores-HEPA-para-aulas-y-colegios.jpg 681w, https:\/\/gavri-src.addisnetwork.es\/blog\/wp-content\/uploads\/2021\/04\/purificadores-HEPA-para-aulas-y-colegios-300x198.jpg 300w\" sizes=\"auto, (max-width: 681px) 100vw, 681px\" \/><\/figure>\n\n\n\n<p>Existen varios equipos que los incluyen. Uno de los m\u00e1s demandados es el Comedes Lavaero 150 Eco, con<strong> filtros HEPA del 99,97%<\/strong>, carb\u00f3n activo y un gran caudal de aire de <strong>250 m3\/h o <\/strong>el Comedes Lavaero 280, con filtro <strong>HEPA H13 <\/strong>y l\u00e1mpara <strong>UV-C.<\/strong> Seg\u00fan los espacios que se quieran purificador, existen distintas alternativas. Puedes ver nuestra gama de purificadores de aire en <a href=\"https:\/\/gavri.es\/purificadores-de-aire-con-filtro-hepa\">este enlace.<\/a><\/p>\n\n\n\n<p>Un caso que la ventilaci\u00f3n en una aula no se suficiente o optima, recomiendan el uso de equipos externos que ayuden a realizar la ventilaci\u00f3n, como el uso de ventiladores de techo.<\/p>\n\n\n\n<p>Para saber m\u00e1s sobre c\u00f3mo puedes reducir los contagios en espacios cerrados, ponte en contacto con nuestros asesores de GAVRI.es para saber <a href=\"https:\/\/gavri.es\/purificadores-de-aire\">qu\u00e9 soluci\u00f3n<\/a> se adaptar\u00eda mejor a tu caso. <\/p>\n\n\n\n<blockquote class=\"wp-block-quote is-layout-flow wp-block-quote-is-layout-flow\"><p>Fuente: <em>Gu\u00eda para ventilaci\u00f3n en aulas<\/em>. &#8211; VERSI\u00d3N 3, 6 de noviembre de 2020; Mar\u00eda Cruz Minguill\u00f3n, Xavier Querol, Jos\u00e9 Manuel Felisi y Tom\u00e1s Garrido (<a href=\"https:\/\/www.ciencia.gob.es\/stfls\/MICINN\/Ministerio\/FICHEROS\/guia_para_ventilacion_en_aulas_csic.pdf\" rel=\"nofollow\">https:\/\/www.ciencia.gob.es\/stfls\/MICINN\/Ministerio\/FICHEROS\/guia_para_ventilacion_en_aulas_csic.pdf<\/a>) <\/p><\/blockquote>\n","protected":false},"excerpt":{"rendered":"<p>Los colegios est\u00e1n sufriendo de primera l\u00ednea las consecuencias de la pandemia al ser un importante posible foco de contagio. De ah\u00ed que muchos colegios, fam\u00edlias y asociaciones de padres (AMPAs) est\u00e9n optando por el uso &#8230; <a title=\"Ventilaci\u00f3n y Purificaci\u00f3n en espacios cerrados para prevenir los contagios en aulas\" class=\"read-more\" href=\"https:\/\/gavri-src.addisnetwork.es\/blog\/ventilacion-y-purificacion-en-espacios-cerrados-para-prevenir-los-contagios-en-aulas.html\" aria-label=\"M\u00e1s en Ventilaci\u00f3n y Purificaci\u00f3n en espacios cerrados para prevenir los contagios en aulas\">Leer m\u00e1s<\/a><\/p>\n","protected":false},"author":1,"featured_media":147,"comment_status":"open","ping_status":"closed","sticky":false,"template":"","format":"standard","meta":{"footnotes":""},"categories":[1],"tags":[],"class_list":["post-90","post","type-post","status-publish","format-standard","has-post-thumbnail","hentry","category-sin-categoria","generate-columns","tablet-grid-50","mobile-grid-100","grid-parent","grid-50","no-featured-image-padding"],"yoast_head":"<!-- This site is optimized with the Yoast SEO plugin v27.5 - https:\/\/yoast.com\/product\/yoast-seo-wordpress\/ -->\n<title>Purificaci\u00f3n en espacios cerrados para prevenir los contagios en aulas<\/title>\n<meta name=\"description\" content=\"Para prevenir posibles contagios por COVID-19, se recomienda el uso de equipos con filtros HEPA as\u00ed como una buena ventilaci\u00f3n\" \/>\n<meta name=\"robots\" content=\"index, follow, max-snippet:-1, max-image-preview:large, max-video-preview:-1\" \/>\n<link rel=\"canonical\" href=\"https:\/\/gavri-src.addisnetwork.es\/blog\/ventilacion-y-purificacion-en-espacios-cerrados-para-prevenir-los-contagios-en-aulas.html\" \/>\n<meta property=\"og:locale\" content=\"es_ES\" \/>\n<meta property=\"og:type\" content=\"article\" \/>\n<meta property=\"og:title\" content=\"Purificaci\u00f3n en espacios cerrados para prevenir los contagios en aulas\" \/>\n<meta property=\"og:description\" content=\"Para prevenir posibles contagios por COVID-19, se recomienda el uso de equipos con filtros HEPA as\u00ed como una buena ventilaci\u00f3n\" \/>\n<meta property=\"og:url\" content=\"https:\/\/gavri-src.addisnetwork.es\/blog\/ventilacion-y-purificacion-en-espacios-cerrados-para-prevenir-los-contagios-en-aulas.html\" \/>\n<meta property=\"og:site_name\" content=\"Blog de Gavri.es\" \/>\n<meta property=\"article:published_time\" content=\"2021-04-29T08:39:09+00:00\" \/>\n<meta property=\"article:modified_time\" content=\"2021-04-30T14:33:43+00:00\" \/>\n<meta property=\"og:image\" content=\"https:\/\/gavri-src.addisnetwork.es\/blog\/wp-content\/uploads\/2020\/12\/b-purificacion-aulas.jpg\" \/>\n\t<meta property=\"og:image:width\" content=\"1900\" \/>\n\t<meta property=\"og:image:height\" content=\"781\" \/>\n\t<meta property=\"og:image:type\" content=\"image\/jpeg\" \/>\n<meta name=\"author\" content=\"Gavri\" \/>\n<meta name=\"twitter:card\" content=\"summary_large_image\" \/>\n<meta name=\"twitter:label1\" content=\"Escrito por\" \/>\n\t<meta name=\"twitter:data1\" content=\"Gavri\" \/>\n\t<meta name=\"twitter:label2\" content=\"Tiempo de lectura\" \/>\n\t<meta name=\"twitter:data2\" content=\"3 minutos\" \/>\n<script type=\"application\/ld+json\" class=\"yoast-schema-graph\">{\"@context\":\"https:\\\/\\\/schema.org\",\"@graph\":[{\"@type\":\"Article\",\"@id\":\"https:\\\/\\\/gavri-src.addisnetwork.es\\\/blog\\\/ventilacion-y-purificacion-en-espacios-cerrados-para-prevenir-los-contagios-en-aulas.html#article\",\"isPartOf\":{\"@id\":\"https:\\\/\\\/gavri-src.addisnetwork.es\\\/blog\\\/ventilacion-y-purificacion-en-espacios-cerrados-para-prevenir-los-contagios-en-aulas.html\"},\"author\":{\"name\":\"Gavri\",\"@id\":\"https:\\\/\\\/gavri-src.addisnetwork.es\\\/blog\\\/#\\\/schema\\\/person\\\/3df0699bd314187860df00e3b73fbf75\"},\"headline\":\"Ventilaci\u00f3n y Purificaci\u00f3n en espacios cerrados para prevenir los contagios en aulas\",\"datePublished\":\"2021-04-29T08:39:09+00:00\",\"dateModified\":\"2021-04-30T14:33:43+00:00\",\"mainEntityOfPage\":{\"@id\":\"https:\\\/\\\/gavri-src.addisnetwork.es\\\/blog\\\/ventilacion-y-purificacion-en-espacios-cerrados-para-prevenir-los-contagios-en-aulas.html\"},\"wordCount\":439,\"commentCount\":0,\"publisher\":{\"@id\":\"https:\\\/\\\/gavri-src.addisnetwork.es\\\/blog\\\/#organization\"},\"image\":{\"@id\":\"https:\\\/\\\/gavri-src.addisnetwork.es\\\/blog\\\/ventilacion-y-purificacion-en-espacios-cerrados-para-prevenir-los-contagios-en-aulas.html#primaryimage\"},\"thumbnailUrl\":\"https:\\\/\\\/gavri-src.addisnetwork.es\\\/blog\\\/wp-content\\\/uploads\\\/2020\\\/12\\\/b-purificacion-aulas.jpg\",\"inLanguage\":\"es\",\"potentialAction\":[{\"@type\":\"CommentAction\",\"name\":\"Comment\",\"target\":[\"https:\\\/\\\/gavri-src.addisnetwork.es\\\/blog\\\/ventilacion-y-purificacion-en-espacios-cerrados-para-prevenir-los-contagios-en-aulas.html#respond\"]}]},{\"@type\":\"WebPage\",\"@id\":\"https:\\\/\\\/gavri-src.addisnetwork.es\\\/blog\\\/ventilacion-y-purificacion-en-espacios-cerrados-para-prevenir-los-contagios-en-aulas.html\",\"url\":\"https:\\\/\\\/gavri-src.addisnetwork.es\\\/blog\\\/ventilacion-y-purificacion-en-espacios-cerrados-para-prevenir-los-contagios-en-aulas.html\",\"name\":\"Purificaci\u00f3n en espacios cerrados para prevenir los contagios en aulas\",\"isPartOf\":{\"@id\":\"https:\\\/\\\/gavri-src.addisnetwork.es\\\/blog\\\/#website\"},\"primaryImageOfPage\":{\"@id\":\"https:\\\/\\\/gavri-src.addisnetwork.es\\\/blog\\\/ventilacion-y-purificacion-en-espacios-cerrados-para-prevenir-los-contagios-en-aulas.html#primaryimage\"},\"image\":{\"@id\":\"https:\\\/\\\/gavri-src.addisnetwork.es\\\/blog\\\/ventilacion-y-purificacion-en-espacios-cerrados-para-prevenir-los-contagios-en-aulas.html#primaryimage\"},\"thumbnailUrl\":\"https:\\\/\\\/gavri-src.addisnetwork.es\\\/blog\\\/wp-content\\\/uploads\\\/2020\\\/12\\\/b-purificacion-aulas.jpg\",\"datePublished\":\"2021-04-29T08:39:09+00:00\",\"dateModified\":\"2021-04-30T14:33:43+00:00\",\"description\":\"Para prevenir posibles contagios por COVID-19, se recomienda el uso de equipos con filtros HEPA as\u00ed como una buena ventilaci\u00f3n\",\"breadcrumb\":{\"@id\":\"https:\\\/\\\/gavri-src.addisnetwork.es\\\/blog\\\/ventilacion-y-purificacion-en-espacios-cerrados-para-prevenir-los-contagios-en-aulas.html#breadcrumb\"},\"inLanguage\":\"es\",\"potentialAction\":[{\"@type\":\"ReadAction\",\"target\":[\"https:\\\/\\\/gavri-src.addisnetwork.es\\\/blog\\\/ventilacion-y-purificacion-en-espacios-cerrados-para-prevenir-los-contagios-en-aulas.html\"]}]},{\"@type\":\"ImageObject\",\"inLanguage\":\"es\",\"@id\":\"https:\\\/\\\/gavri-src.addisnetwork.es\\\/blog\\\/ventilacion-y-purificacion-en-espacios-cerrados-para-prevenir-los-contagios-en-aulas.html#primaryimage\",\"url\":\"https:\\\/\\\/gavri-src.addisnetwork.es\\\/blog\\\/wp-content\\\/uploads\\\/2020\\\/12\\\/b-purificacion-aulas.jpg\",\"contentUrl\":\"https:\\\/\\\/gavri-src.addisnetwork.es\\\/blog\\\/wp-content\\\/uploads\\\/2020\\\/12\\\/b-purificacion-aulas.jpg\",\"width\":1900,\"height\":781},{\"@type\":\"BreadcrumbList\",\"@id\":\"https:\\\/\\\/gavri-src.addisnetwork.es\\\/blog\\\/ventilacion-y-purificacion-en-espacios-cerrados-para-prevenir-los-contagios-en-aulas.html#breadcrumb\",\"itemListElement\":[{\"@type\":\"ListItem\",\"position\":1,\"name\":\"Portada\",\"item\":\"https:\\\/\\\/gavri-src.addisnetwork.es\\\/blog\"},{\"@type\":\"ListItem\",\"position\":2,\"name\":\"Ventilaci\u00f3n y Purificaci\u00f3n en espacios cerrados para prevenir los contagios en aulas\"}]},{\"@type\":\"WebSite\",\"@id\":\"https:\\\/\\\/gavri-src.addisnetwork.es\\\/blog\\\/#website\",\"url\":\"https:\\\/\\\/gavri-src.addisnetwork.es\\\/blog\\\/\",\"name\":\"Blog de Gavri.es\",\"description\":\"Blog de Gavri.es\",\"publisher\":{\"@id\":\"https:\\\/\\\/gavri-src.addisnetwork.es\\\/blog\\\/#organization\"},\"potentialAction\":[{\"@type\":\"SearchAction\",\"target\":{\"@type\":\"EntryPoint\",\"urlTemplate\":\"https:\\\/\\\/gavri-src.addisnetwork.es\\\/blog\\\/?s={search_term_string}\"},\"query-input\":{\"@type\":\"PropertyValueSpecification\",\"valueRequired\":true,\"valueName\":\"search_term_string\"}}],\"inLanguage\":\"es\"},{\"@type\":\"Organization\",\"@id\":\"https:\\\/\\\/gavri-src.addisnetwork.es\\\/blog\\\/#organization\",\"name\":\"Blog de Gavri.es\",\"url\":\"https:\\\/\\\/gavri-src.addisnetwork.es\\\/blog\\\/\",\"logo\":{\"@type\":\"ImageObject\",\"inLanguage\":\"es\",\"@id\":\"https:\\\/\\\/gavri-src.addisnetwork.es\\\/blog\\\/#\\\/schema\\\/logo\\\/image\\\/\",\"url\":\"https:\\\/\\\/gavri-src.addisnetwork.es\\\/blog\\\/wp-content\\\/uploads\\\/2021\\\/01\\\/cropped-LOGO-gavries-blog-1.png\",\"contentUrl\":\"https:\\\/\\\/gavri-src.addisnetwork.es\\\/blog\\\/wp-content\\\/uploads\\\/2021\\\/01\\\/cropped-LOGO-gavries-blog-1.png\",\"width\":520,\"height\":104,\"caption\":\"Blog de Gavri.es\"},\"image\":{\"@id\":\"https:\\\/\\\/gavri-src.addisnetwork.es\\\/blog\\\/#\\\/schema\\\/logo\\\/image\\\/\"}},{\"@type\":\"Person\",\"@id\":\"https:\\\/\\\/gavri-src.addisnetwork.es\\\/blog\\\/#\\\/schema\\\/person\\\/3df0699bd314187860df00e3b73fbf75\",\"name\":\"Gavri\",\"image\":{\"@type\":\"ImageObject\",\"inLanguage\":\"es\",\"@id\":\"https:\\\/\\\/secure.gravatar.com\\\/avatar\\\/6fc6afbbb919cee1ae64c74ed55bf75da72aade68e84f27c0a3a05bd98ccf2a0?s=96&d=mm&r=g\",\"url\":\"https:\\\/\\\/secure.gravatar.com\\\/avatar\\\/6fc6afbbb919cee1ae64c74ed55bf75da72aade68e84f27c0a3a05bd98ccf2a0?s=96&d=mm&r=g\",\"contentUrl\":\"https:\\\/\\\/secure.gravatar.com\\\/avatar\\\/6fc6afbbb919cee1ae64c74ed55bf75da72aade68e84f27c0a3a05bd98ccf2a0?s=96&d=mm&r=g\",\"caption\":\"Gavri\"},\"sameAs\":[\"https:\\\/\\\/gavri.es\\\/blog\"]}]}<\/script>\n<!-- \/ Yoast SEO plugin. -->","yoast_head_json":{"title":"Purificaci\u00f3n en espacios cerrados para prevenir los contagios en aulas","description":"Para prevenir posibles contagios por COVID-19, se recomienda el uso de equipos con filtros HEPA as\u00ed como una buena ventilaci\u00f3n","robots":{"index":"index","follow":"follow","max-snippet":"max-snippet:-1","max-image-preview":"max-image-preview:large","max-video-preview":"max-video-preview:-1"},"canonical":"https:\/\/gavri-src.addisnetwork.es\/blog\/ventilacion-y-purificacion-en-espacios-cerrados-para-prevenir-los-contagios-en-aulas.html","og_locale":"es_ES","og_type":"article","og_title":"Purificaci\u00f3n en espacios cerrados para prevenir los contagios en aulas","og_description":"Para prevenir posibles contagios por COVID-19, se recomienda el uso de equipos con filtros HEPA as\u00ed como una buena ventilaci\u00f3n","og_url":"https:\/\/gavri-src.addisnetwork.es\/blog\/ventilacion-y-purificacion-en-espacios-cerrados-para-prevenir-los-contagios-en-aulas.html","og_site_name":"Blog de Gavri.es","article_published_time":"2021-04-29T08:39:09+00:00","article_modified_time":"2021-04-30T14:33:43+00:00","og_image":[{"width":1900,"height":781,"url":"https:\/\/gavri-src.addisnetwork.es\/blog\/wp-content\/uploads\/2020\/12\/b-purificacion-aulas.jpg","type":"image\/jpeg"}],"author":"Gavri","twitter_card":"summary_large_image","twitter_misc":{"Escrito por":"Gavri","Tiempo de lectura":"3 minutos"},"schema":{"@context":"https:\/\/schema.org","@graph":[{"@type":"Article","@id":"https:\/\/gavri-src.addisnetwork.es\/blog\/ventilacion-y-purificacion-en-espacios-cerrados-para-prevenir-los-contagios-en-aulas.html#article","isPartOf":{"@id":"https:\/\/gavri-src.addisnetwork.es\/blog\/ventilacion-y-purificacion-en-espacios-cerrados-para-prevenir-los-contagios-en-aulas.html"},"author":{"name":"Gavri","@id":"https:\/\/gavri-src.addisnetwork.es\/blog\/#\/schema\/person\/3df0699bd314187860df00e3b73fbf75"},"headline":"Ventilaci\u00f3n y Purificaci\u00f3n en espacios cerrados para prevenir los contagios en aulas","datePublished":"2021-04-29T08:39:09+00:00","dateModified":"2021-04-30T14:33:43+00:00","mainEntityOfPage":{"@id":"https:\/\/gavri-src.addisnetwork.es\/blog\/ventilacion-y-purificacion-en-espacios-cerrados-para-prevenir-los-contagios-en-aulas.html"},"wordCount":439,"commentCount":0,"publisher":{"@id":"https:\/\/gavri-src.addisnetwork.es\/blog\/#organization"},"image":{"@id":"https:\/\/gavri-src.addisnetwork.es\/blog\/ventilacion-y-purificacion-en-espacios-cerrados-para-prevenir-los-contagios-en-aulas.html#primaryimage"},"thumbnailUrl":"https:\/\/gavri-src.addisnetwork.es\/blog\/wp-content\/uploads\/2020\/12\/b-purificacion-aulas.jpg","inLanguage":"es","potentialAction":[{"@type":"CommentAction","name":"Comment","target":["https:\/\/gavri-src.addisnetwork.es\/blog\/ventilacion-y-purificacion-en-espacios-cerrados-para-prevenir-los-contagios-en-aulas.html#respond"]}]},{"@type":"WebPage","@id":"https:\/\/gavri-src.addisnetwork.es\/blog\/ventilacion-y-purificacion-en-espacios-cerrados-para-prevenir-los-contagios-en-aulas.html","url":"https:\/\/gavri-src.addisnetwork.es\/blog\/ventilacion-y-purificacion-en-espacios-cerrados-para-prevenir-los-contagios-en-aulas.html","name":"Purificaci\u00f3n en espacios cerrados para prevenir los contagios en aulas","isPartOf":{"@id":"https:\/\/gavri-src.addisnetwork.es\/blog\/#website"},"primaryImageOfPage":{"@id":"https:\/\/gavri-src.addisnetwork.es\/blog\/ventilacion-y-purificacion-en-espacios-cerrados-para-prevenir-los-contagios-en-aulas.html#primaryimage"},"image":{"@id":"https:\/\/gavri-src.addisnetwork.es\/blog\/ventilacion-y-purificacion-en-espacios-cerrados-para-prevenir-los-contagios-en-aulas.html#primaryimage"},"thumbnailUrl":"https:\/\/gavri-src.addisnetwork.es\/blog\/wp-content\/uploads\/2020\/12\/b-purificacion-aulas.jpg","datePublished":"2021-04-29T08:39:09+00:00","dateModified":"2021-04-30T14:33:43+00:00","description":"Para prevenir posibles contagios por COVID-19, se recomienda el uso de equipos con filtros HEPA as\u00ed como una buena ventilaci\u00f3n","breadcrumb":{"@id":"https:\/\/gavri-src.addisnetwork.es\/blog\/ventilacion-y-purificacion-en-espacios-cerrados-para-prevenir-los-contagios-en-aulas.html#breadcrumb"},"inLanguage":"es","potentialAction":[{"@type":"ReadAction","target":["https:\/\/gavri-src.addisnetwork.es\/blog\/ventilacion-y-purificacion-en-espacios-cerrados-para-prevenir-los-contagios-en-aulas.html"]}]},{"@type":"ImageObject","inLanguage":"es","@id":"https:\/\/gavri-src.addisnetwork.es\/blog\/ventilacion-y-purificacion-en-espacios-cerrados-para-prevenir-los-contagios-en-aulas.html#primaryimage","url":"https:\/\/gavri-src.addisnetwork.es\/blog\/wp-content\/uploads\/2020\/12\/b-purificacion-aulas.jpg","contentUrl":"https:\/\/gavri-src.addisnetwork.es\/blog\/wp-content\/uploads\/2020\/12\/b-purificacion-aulas.jpg","width":1900,"height":781},{"@type":"BreadcrumbList","@id":"https:\/\/gavri-src.addisnetwork.es\/blog\/ventilacion-y-purificacion-en-espacios-cerrados-para-prevenir-los-contagios-en-aulas.html#breadcrumb","itemListElement":[{"@type":"ListItem","position":1,"name":"Portada","item":"https:\/\/gavri-src.addisnetwork.es\/blog"},{"@type":"ListItem","position":2,"name":"Ventilaci\u00f3n y Purificaci\u00f3n en espacios cerrados para prevenir los contagios en aulas"}]},{"@type":"WebSite","@id":"https:\/\/gavri-src.addisnetwork.es\/blog\/#website","url":"https:\/\/gavri-src.addisnetwork.es\/blog\/","name":"Blog de Gavri.es","description":"Blog de Gavri.es","publisher":{"@id":"https:\/\/gavri-src.addisnetwork.es\/blog\/#organization"},"potentialAction":[{"@type":"SearchAction","target":{"@type":"EntryPoint","urlTemplate":"https:\/\/gavri-src.addisnetwork.es\/blog\/?s={search_term_string}"},"query-input":{"@type":"PropertyValueSpecification","valueRequired":true,"valueName":"search_term_string"}}],"inLanguage":"es"},{"@type":"Organization","@id":"https:\/\/gavri-src.addisnetwork.es\/blog\/#organization","name":"Blog de Gavri.es","url":"https:\/\/gavri-src.addisnetwork.es\/blog\/","logo":{"@type":"ImageObject","inLanguage":"es","@id":"https:\/\/gavri-src.addisnetwork.es\/blog\/#\/schema\/logo\/image\/","url":"https:\/\/gavri-src.addisnetwork.es\/blog\/wp-content\/uploads\/2021\/01\/cropped-LOGO-gavries-blog-1.png","contentUrl":"https:\/\/gavri-src.addisnetwork.es\/blog\/wp-content\/uploads\/2021\/01\/cropped-LOGO-gavries-blog-1.png","width":520,"height":104,"caption":"Blog de Gavri.es"},"image":{"@id":"https:\/\/gavri-src.addisnetwork.es\/blog\/#\/schema\/logo\/image\/"}},{"@type":"Person","@id":"https:\/\/gavri-src.addisnetwork.es\/blog\/#\/schema\/person\/3df0699bd314187860df00e3b73fbf75","name":"Gavri","image":{"@type":"ImageObject","inLanguage":"es","@id":"https:\/\/secure.gravatar.com\/avatar\/6fc6afbbb919cee1ae64c74ed55bf75da72aade68e84f27c0a3a05bd98ccf2a0?s=96&d=mm&r=g","url":"https:\/\/secure.gravatar.com\/avatar\/6fc6afbbb919cee1ae64c74ed55bf75da72aade68e84f27c0a3a05bd98ccf2a0?s=96&d=mm&r=g","contentUrl":"https:\/\/secure.gravatar.com\/avatar\/6fc6afbbb919cee1ae64c74ed55bf75da72aade68e84f27c0a3a05bd98ccf2a0?s=96&d=mm&r=g","caption":"Gavri"},"sameAs":["https:\/\/gavri.es\/blog"]}]}},"_links":{"self":[{"href":"https:\/\/gavri-src.addisnetwork.es\/blog\/wp-json\/wp\/v2\/posts\/90","targetHints":{"allow":["GET"]}}],"collection":[{"href":"https:\/\/gavri-src.addisnetwork.es\/blog\/wp-json\/wp\/v2\/posts"}],"about":[{"href":"https:\/\/gavri-src.addisnetwork.es\/blog\/wp-json\/wp\/v2\/types\/post"}],"author":[{"embeddable":true,"href":"https:\/\/gavri-src.addisnetwork.es\/blog\/wp-json\/wp\/v2\/users\/1"}],"replies":[{"embeddable":true,"href":"https:\/\/gavri-src.addisnetwork.es\/blog\/wp-json\/wp\/v2\/comments?post=90"}],"version-history":[{"count":7,"href":"https:\/\/gavri-src.addisnetwork.es\/blog\/wp-json\/wp\/v2\/posts\/90\/revisions"}],"predecessor-version":[{"id":458,"href":"https:\/\/gavri-src.addisnetwork.es\/blog\/wp-json\/wp\/v2\/posts\/90\/revisions\/458"}],"wp:featuredmedia":[{"embeddable":true,"href":"https:\/\/gavri-src.addisnetwork.es\/blog\/wp-json\/wp\/v2\/media\/147"}],"wp:attachment":[{"href":"https:\/\/gavri-src.addisnetwork.es\/blog\/wp-json\/wp\/v2\/media?parent=90"}],"wp:term":[{"taxonomy":"category","embeddable":true,"href":"https:\/\/gavri-src.addisnetwork.es\/blog\/wp-json\/wp\/v2\/categories?post=90"},{"taxonomy":"post_tag","embeddable":true,"href":"https:\/\/gavri-src.addisnetwork.es\/blog\/wp-json\/wp\/v2\/tags?post=90"}],"curies":[{"name":"wp","href":"https:\/\/api.w.org\/{rel}","templated":true}]}}