{"id":947,"date":"2023-10-18T11:39:59","date_gmt":"2023-10-18T11:39:59","guid":{"rendered":"https:\/\/gavri.es\/blog\/?p=947"},"modified":"2023-10-18T11:40:16","modified_gmt":"2023-10-18T11:40:16","slug":"como-usar-ventilador-techo-ahorrar-energia-invierno","status":"publish","type":"post","link":"https:\/\/gavri-src.addisnetwork.es\/blog\/como-usar-ventilador-techo-ahorrar-energia-invierno.html","title":{"rendered":"C\u00f3mo usar un ventilador de techo para ahorrar energ\u00eda en invierno"},"content":{"rendered":"\n<p>Los ventiladores de techo son dispositivos vers\u00e1tiles y eficientes que pueden desempe\u00f1ar un papel crucial en la reducci\u00f3n de los costos de energ\u00eda en invierno. Si bien com\u00fanmente se asocian con mantenernos frescos en verano, estos dispositivos tambi\u00e9n pueden utilizarse de manera inteligente durante la temporada fr\u00eda para ahorrar energ\u00eda y dinero.&nbsp;<\/p>\n\n\n\n<p>\u00bfSab\u00edas esta posibilidad? Desde <a href=\"https:\/\/gavri.es\/\"><strong>Gavri<\/strong><\/a> te damos a conocer mucho m\u00e1s para que, a trav\u00e9s del uso del ventilador de techo, optimices y ahorres energ\u00eda.<\/p>\n\n\n\n<!--more-->\n\n\n\n<h2 class=\"wp-block-heading\"><strong>Selecciona la direcci\u00f3n de rotaci\u00f3n correcta para ahorrar energ\u00eda<\/strong><\/h2>\n\n\n\n<p>El <strong>primer paso<\/strong> para utilizar eficazmente un ventilador de techo en invierno es <strong>cambiar su direcci\u00f3n de rotaci\u00f3n<\/strong>. La mayor\u00eda de los ventiladores de techo tienen un interruptor inversor en su base que permite alternar entre dos modos de funcionamiento: verano e invierno. <strong>Para maximizar el ahorro de energ\u00eda en invierno, aseg\u00farate de que el ventilador gire en sentido contrario a las agujas del reloj<\/strong> (en sentido horario cuando lo miras desde abajo).<\/p>\n\n\n\n<p>En esta configuraci\u00f3n, el ventilador de techo impulsar\u00e1 el aire caliente que se acumula en el techo hacia abajo y hacia las paredes, redistribuy\u00e9ndolo por toda la habitaci\u00f3n. <strong>Esto puede ayudar a mantener una temperatura m\u00e1s uniforme, reduciendo la necesidad de encender la calefacci\u00f3n con frecuencia y<\/strong>, por lo tanto, <strong>ahorrando energ\u00eda<\/strong>.<\/p>\n\n\n\n<h3 class=\"wp-block-heading\"><strong>Regula la velocidad del ventilador para incrementar el ahorro de energ\u00eda<\/strong><\/h3>\n\n\n\n<p>Otro factor importante para incrementar el ahorro de energ\u00eda en invierno es <strong>ajustar la velocidad del ventilador de techo de manera adecuada<\/strong>. En esta temporada, no necesitas que el ventilador funcione a alta velocidad, ya que esto podr\u00eda causar una sensaci\u00f3n inc\u00f3moda de enfriamiento debido al viento fr\u00edo que crea. En lugar de eso, <strong>opta por una velocidad baja o media para mantener una circulaci\u00f3n suave del aire<\/strong>.<\/p>\n\n\n\n<p><strong>Recuerda que el objetivo principal en invierno es redistribuir el aire caliente de manera uniforme, no crear una corriente de aire<\/strong>. Al reducir la velocidad del ventilador, lograr\u00e1s este objetivo y, al mismo tiempo, <strong>ahorrar\u00e1s energ\u00eda<\/strong> al no desperdiciarla en la generaci\u00f3n de aire fr\u00edo innecesario.<\/p>\n\n\n\n<h4 class=\"wp-block-heading\"><strong>Complementa la calefacci\u00f3n con un ventilador de techo para optimizar el ahorro de energ\u00eda<\/strong><\/h4>\n\n\n\n<p>Una de las estrategias m\u00e1s efectivas para optimizar el ahorro de energ\u00eda en invierno es <strong>combinar el uso de un ventilador de techo con tu sistema de calefacci\u00f3n<\/strong>. Cuando la calefacci\u00f3n est\u00e1 encendida, el calor tiende a acumularse cerca del techo, dejando la parte inferior de la habitaci\u00f3n m\u00e1s fr\u00eda. Aqu\u00ed es donde entra en juego el ventilador de techo.<\/p>\n\n\n\n<p><strong>Al encender el ventilador en sentido horario a una velocidad baja o media, ayudar\u00e1s a distribuir el aire caliente de manera m\u00e1s uniforme por toda la habitaci\u00f3n<\/strong>. Esto significa que la calefacci\u00f3n no tiene que trabajar tan duro para mantener una temperatura constante, lo que resulta en un significativo ahorro de energ\u00eda.<\/p>\n\n\n\n<h4 class=\"wp-block-heading\"><strong>Apaga el ventilador cuando no lo utilices para evitar desperdiciar energ\u00eda<\/strong><\/h4>\n\n\n\n<p>Por \u00faltimo, pero no menos importante, <strong>es esencial recordar apagar el ventilador de techo cuando no sea necesario<\/strong>. Si dejas el ventilador encendido continuamente, incluso cuando la calefacci\u00f3n no est\u00e1 funcionando o cuando la temperatura ambiente es agradable, estar\u00e1s desperdiciando energ\u00eda innecesariamente.<\/p>\n\n\n\n<p><strong>Utiliza el ventilador solo cuando sientas que es necesario mejorar la circulaci\u00f3n del aire y redistribuir el calor<\/strong>. Una buena pr\u00e1ctica es apagar el ventilador cuando sales de la habitaci\u00f3n para evitar un consumo innecesario de electricidad.<\/p>\n\n\n\n<p>En conclusi\u00f3n, <strong>un ventilador de techo, como este<\/strong> <a href=\"https:\/\/gavri.es\/inicio\/ventilador-de-techo-casafan-312275-eco-genuino-con-luz-122cm-mg-nt\"><strong>Ventilador De Techo CasaFan 312275 ECO GENUINO Con Luz 122cm MG-NT<\/strong><\/a>,<strong> puede ser una herramienta efectiva para ahorrar energ\u00eda durante el invierno si se utiliza de manera adecuada<\/strong>. Siguiendo los consejos que hemos ido comentario a lo largo de este art\u00edculo, podr\u00e1s mantener tu hogar c\u00e1lido y confortable mientras reduces tu factura de energ\u00eda.&nbsp;<\/p>\n\n\n\n<p>\u00a1<strong>Aprovecha al m\u00e1ximo tu ventilador de techo y disfruta de los beneficios del ahorro energ\u00e9tico en invierno<\/strong>!<\/p>\n","protected":false},"excerpt":{"rendered":"<p>Los ventiladores de techo son dispositivos vers\u00e1tiles y eficientes que pueden desempe\u00f1ar un papel crucial en la reducci\u00f3n de los costos de energ\u00eda en invierno. Si bien com\u00fanmente se asocian con mantenernos frescos en verano, estos &#8230; <a title=\"C\u00f3mo usar un ventilador de techo para ahorrar energ\u00eda en invierno\" class=\"read-more\" href=\"https:\/\/gavri-src.addisnetwork.es\/blog\/como-usar-ventilador-techo-ahorrar-energia-invierno.html\" aria-label=\"M\u00e1s en C\u00f3mo usar un ventilador de techo para ahorrar energ\u00eda en invierno\">Leer m\u00e1s<\/a><\/p>\n","protected":false},"author":2,"featured_media":948,"comment_status":"open","ping_status":"closed","sticky":false,"template":"","format":"standard","meta":{"footnotes":""},"categories":[24],"tags":[150,137,151,9],"class_list":["post-947","post","type-post","status-publish","format-standard","has-post-thumbnail","hentry","category-ventiladores-de-techo","tag-ahorrar-energia","tag-consejos","tag-usos-del-ventilador","tag-ventiladores-de-techo","generate-columns","tablet-grid-50","mobile-grid-100","grid-parent","grid-50","no-featured-image-padding"],"yoast_head":"<!-- This site is optimized with the Yoast SEO plugin v27.5 - https:\/\/yoast.com\/product\/yoast-seo-wordpress\/ -->\n<title>C\u00f3mo usar un ventilador de techo para ahorrar energ\u00eda en invierno<\/title>\n<meta name=\"description\" content=\"Descubre, con Gavri, c\u00f3mo usar un ventilador de techo para ahorrar energ\u00eda en invierno y mantener tu hogar c\u00e1lido y eficiente. Consejos.\" \/>\n<meta name=\"robots\" content=\"index, follow, max-snippet:-1, max-image-preview:large, max-video-preview:-1\" \/>\n<link rel=\"canonical\" href=\"https:\/\/gavri-src.addisnetwork.es\/blog\/como-usar-ventilador-techo-ahorrar-energia-invierno.html\" \/>\n<meta property=\"og:locale\" content=\"es_ES\" \/>\n<meta property=\"og:type\" content=\"article\" \/>\n<meta property=\"og:title\" content=\"C\u00f3mo usar un ventilador de techo para ahorrar energ\u00eda en invierno\" \/>\n<meta property=\"og:description\" content=\"Descubre, con Gavri, c\u00f3mo usar un ventilador de techo para ahorrar energ\u00eda en invierno y mantener tu hogar c\u00e1lido y eficiente. Consejos.\" \/>\n<meta property=\"og:url\" content=\"https:\/\/gavri-src.addisnetwork.es\/blog\/como-usar-ventilador-techo-ahorrar-energia-invierno.html\" \/>\n<meta property=\"og:site_name\" content=\"Blog de Gavri.es\" \/>\n<meta property=\"article:published_time\" content=\"2023-10-18T11:39:59+00:00\" \/>\n<meta property=\"article:modified_time\" content=\"2023-10-18T11:40:16+00:00\" \/>\n<meta property=\"og:image\" content=\"https:\/\/gavri-src.addisnetwork.es\/blog\/wp-content\/uploads\/2023\/10\/Como-usar-un-ventilador-de-techo-para-ahorrar-energia-en-invierno.png\" \/>\n\t<meta property=\"og:image:width\" content=\"632\" \/>\n\t<meta property=\"og:image:height\" content=\"539\" \/>\n\t<meta property=\"og:image:type\" content=\"image\/png\" \/>\n<meta name=\"author\" content=\"T\u00e9cnico Gavri\" \/>\n<meta name=\"twitter:card\" content=\"summary_large_image\" \/>\n<meta name=\"twitter:label1\" content=\"Escrito por\" \/>\n\t<meta name=\"twitter:data1\" content=\"T\u00e9cnico Gavri\" \/>\n\t<meta name=\"twitter:label2\" content=\"Tiempo de lectura\" \/>\n\t<meta name=\"twitter:data2\" content=\"3 minutos\" \/>\n<script type=\"application\/ld+json\" class=\"yoast-schema-graph\">{\"@context\":\"https:\\\/\\\/schema.org\",\"@graph\":[{\"@type\":\"Article\",\"@id\":\"https:\\\/\\\/gavri-src.addisnetwork.es\\\/blog\\\/como-usar-ventilador-techo-ahorrar-energia-invierno.html#article\",\"isPartOf\":{\"@id\":\"https:\\\/\\\/gavri-src.addisnetwork.es\\\/blog\\\/como-usar-ventilador-techo-ahorrar-energia-invierno.html\"},\"author\":{\"name\":\"T\u00e9cnico Gavri\",\"@id\":\"https:\\\/\\\/gavri-src.addisnetwork.es\\\/blog\\\/#\\\/schema\\\/person\\\/587329a98b34cfdbbfd1e7fbe7b65296\"},\"headline\":\"C\u00f3mo usar un ventilador de techo para ahorrar energ\u00eda en invierno\",\"datePublished\":\"2023-10-18T11:39:59+00:00\",\"dateModified\":\"2023-10-18T11:40:16+00:00\",\"mainEntityOfPage\":{\"@id\":\"https:\\\/\\\/gavri-src.addisnetwork.es\\\/blog\\\/como-usar-ventilador-techo-ahorrar-energia-invierno.html\"},\"wordCount\":712,\"commentCount\":0,\"publisher\":{\"@id\":\"https:\\\/\\\/gavri-src.addisnetwork.es\\\/blog\\\/#organization\"},\"image\":{\"@id\":\"https:\\\/\\\/gavri-src.addisnetwork.es\\\/blog\\\/como-usar-ventilador-techo-ahorrar-energia-invierno.html#primaryimage\"},\"thumbnailUrl\":\"https:\\\/\\\/gavri-src.addisnetwork.es\\\/blog\\\/wp-content\\\/uploads\\\/2023\\\/10\\\/Como-usar-un-ventilador-de-techo-para-ahorrar-energia-en-invierno.png\",\"keywords\":[\"ahorrar energ\u00eda\",\"consejos\",\"usos del ventilador\",\"ventiladores de techo\"],\"articleSection\":[\"Ventiladores de techo\"],\"inLanguage\":\"es\",\"potentialAction\":[{\"@type\":\"CommentAction\",\"name\":\"Comment\",\"target\":[\"https:\\\/\\\/gavri-src.addisnetwork.es\\\/blog\\\/como-usar-ventilador-techo-ahorrar-energia-invierno.html#respond\"]}]},{\"@type\":\"WebPage\",\"@id\":\"https:\\\/\\\/gavri-src.addisnetwork.es\\\/blog\\\/como-usar-ventilador-techo-ahorrar-energia-invierno.html\",\"url\":\"https:\\\/\\\/gavri-src.addisnetwork.es\\\/blog\\\/como-usar-ventilador-techo-ahorrar-energia-invierno.html\",\"name\":\"C\u00f3mo usar un ventilador de techo para ahorrar energ\u00eda en invierno\",\"isPartOf\":{\"@id\":\"https:\\\/\\\/gavri-src.addisnetwork.es\\\/blog\\\/#website\"},\"primaryImageOfPage\":{\"@id\":\"https:\\\/\\\/gavri-src.addisnetwork.es\\\/blog\\\/como-usar-ventilador-techo-ahorrar-energia-invierno.html#primaryimage\"},\"image\":{\"@id\":\"https:\\\/\\\/gavri-src.addisnetwork.es\\\/blog\\\/como-usar-ventilador-techo-ahorrar-energia-invierno.html#primaryimage\"},\"thumbnailUrl\":\"https:\\\/\\\/gavri-src.addisnetwork.es\\\/blog\\\/wp-content\\\/uploads\\\/2023\\\/10\\\/Como-usar-un-ventilador-de-techo-para-ahorrar-energia-en-invierno.png\",\"datePublished\":\"2023-10-18T11:39:59+00:00\",\"dateModified\":\"2023-10-18T11:40:16+00:00\",\"description\":\"Descubre, con Gavri, c\u00f3mo usar un ventilador de techo para ahorrar energ\u00eda en invierno y mantener tu hogar c\u00e1lido y eficiente. Consejos.\",\"breadcrumb\":{\"@id\":\"https:\\\/\\\/gavri-src.addisnetwork.es\\\/blog\\\/como-usar-ventilador-techo-ahorrar-energia-invierno.html#breadcrumb\"},\"inLanguage\":\"es\",\"potentialAction\":[{\"@type\":\"ReadAction\",\"target\":[\"https:\\\/\\\/gavri-src.addisnetwork.es\\\/blog\\\/como-usar-ventilador-techo-ahorrar-energia-invierno.html\"]}]},{\"@type\":\"ImageObject\",\"inLanguage\":\"es\",\"@id\":\"https:\\\/\\\/gavri-src.addisnetwork.es\\\/blog\\\/como-usar-ventilador-techo-ahorrar-energia-invierno.html#primaryimage\",\"url\":\"https:\\\/\\\/gavri-src.addisnetwork.es\\\/blog\\\/wp-content\\\/uploads\\\/2023\\\/10\\\/Como-usar-un-ventilador-de-techo-para-ahorrar-energia-en-invierno.png\",\"contentUrl\":\"https:\\\/\\\/gavri-src.addisnetwork.es\\\/blog\\\/wp-content\\\/uploads\\\/2023\\\/10\\\/Como-usar-un-ventilador-de-techo-para-ahorrar-energia-en-invierno.png\",\"width\":632,\"height\":539,\"caption\":\"C\u00f3mo usar un ventilador de techo para ahorrar energ\u00eda en invierno\"},{\"@type\":\"BreadcrumbList\",\"@id\":\"https:\\\/\\\/gavri-src.addisnetwork.es\\\/blog\\\/como-usar-ventilador-techo-ahorrar-energia-invierno.html#breadcrumb\",\"itemListElement\":[{\"@type\":\"ListItem\",\"position\":1,\"name\":\"Portada\",\"item\":\"https:\\\/\\\/gavri-src.addisnetwork.es\\\/blog\"},{\"@type\":\"ListItem\",\"position\":2,\"name\":\"C\u00f3mo usar un ventilador de techo para ahorrar energ\u00eda en invierno\"}]},{\"@type\":\"WebSite\",\"@id\":\"https:\\\/\\\/gavri-src.addisnetwork.es\\\/blog\\\/#website\",\"url\":\"https:\\\/\\\/gavri-src.addisnetwork.es\\\/blog\\\/\",\"name\":\"Blog de Gavri.es\",\"description\":\"Blog de Gavri.es\",\"publisher\":{\"@id\":\"https:\\\/\\\/gavri-src.addisnetwork.es\\\/blog\\\/#organization\"},\"potentialAction\":[{\"@type\":\"SearchAction\",\"target\":{\"@type\":\"EntryPoint\",\"urlTemplate\":\"https:\\\/\\\/gavri-src.addisnetwork.es\\\/blog\\\/?s={search_term_string}\"},\"query-input\":{\"@type\":\"PropertyValueSpecification\",\"valueRequired\":true,\"valueName\":\"search_term_string\"}}],\"inLanguage\":\"es\"},{\"@type\":\"Organization\",\"@id\":\"https:\\\/\\\/gavri-src.addisnetwork.es\\\/blog\\\/#organization\",\"name\":\"Blog de Gavri.es\",\"url\":\"https:\\\/\\\/gavri-src.addisnetwork.es\\\/blog\\\/\",\"logo\":{\"@type\":\"ImageObject\",\"inLanguage\":\"es\",\"@id\":\"https:\\\/\\\/gavri-src.addisnetwork.es\\\/blog\\\/#\\\/schema\\\/logo\\\/image\\\/\",\"url\":\"https:\\\/\\\/gavri-src.addisnetwork.es\\\/blog\\\/wp-content\\\/uploads\\\/2021\\\/01\\\/cropped-LOGO-gavries-blog-1.png\",\"contentUrl\":\"https:\\\/\\\/gavri-src.addisnetwork.es\\\/blog\\\/wp-content\\\/uploads\\\/2021\\\/01\\\/cropped-LOGO-gavries-blog-1.png\",\"width\":520,\"height\":104,\"caption\":\"Blog de Gavri.es\"},\"image\":{\"@id\":\"https:\\\/\\\/gavri-src.addisnetwork.es\\\/blog\\\/#\\\/schema\\\/logo\\\/image\\\/\"}},{\"@type\":\"Person\",\"@id\":\"https:\\\/\\\/gavri-src.addisnetwork.es\\\/blog\\\/#\\\/schema\\\/person\\\/587329a98b34cfdbbfd1e7fbe7b65296\",\"name\":\"T\u00e9cnico Gavri\",\"image\":{\"@type\":\"ImageObject\",\"inLanguage\":\"es\",\"@id\":\"https:\\\/\\\/secure.gravatar.com\\\/avatar\\\/05be1fcb2076939c113859ec2cf09bc4b6b366950c2e7c2d51962780ab5e6d80?s=96&d=mm&r=g\",\"url\":\"https:\\\/\\\/secure.gravatar.com\\\/avatar\\\/05be1fcb2076939c113859ec2cf09bc4b6b366950c2e7c2d51962780ab5e6d80?s=96&d=mm&r=g\",\"contentUrl\":\"https:\\\/\\\/secure.gravatar.com\\\/avatar\\\/05be1fcb2076939c113859ec2cf09bc4b6b366950c2e7c2d51962780ab5e6d80?s=96&d=mm&r=g\",\"caption\":\"T\u00e9cnico Gavri\"}}]}<\/script>\n<!-- \/ Yoast SEO plugin. -->","yoast_head_json":{"title":"C\u00f3mo usar un ventilador de techo para ahorrar energ\u00eda en invierno","description":"Descubre, con Gavri, c\u00f3mo usar un ventilador de techo para ahorrar energ\u00eda en invierno y mantener tu hogar c\u00e1lido y eficiente. Consejos.","robots":{"index":"index","follow":"follow","max-snippet":"max-snippet:-1","max-image-preview":"max-image-preview:large","max-video-preview":"max-video-preview:-1"},"canonical":"https:\/\/gavri-src.addisnetwork.es\/blog\/como-usar-ventilador-techo-ahorrar-energia-invierno.html","og_locale":"es_ES","og_type":"article","og_title":"C\u00f3mo usar un ventilador de techo para ahorrar energ\u00eda en invierno","og_description":"Descubre, con Gavri, c\u00f3mo usar un ventilador de techo para ahorrar energ\u00eda en invierno y mantener tu hogar c\u00e1lido y eficiente. Consejos.","og_url":"https:\/\/gavri-src.addisnetwork.es\/blog\/como-usar-ventilador-techo-ahorrar-energia-invierno.html","og_site_name":"Blog de Gavri.es","article_published_time":"2023-10-18T11:39:59+00:00","article_modified_time":"2023-10-18T11:40:16+00:00","og_image":[{"width":632,"height":539,"url":"https:\/\/gavri-src.addisnetwork.es\/blog\/wp-content\/uploads\/2023\/10\/Como-usar-un-ventilador-de-techo-para-ahorrar-energia-en-invierno.png","type":"image\/png"}],"author":"T\u00e9cnico Gavri","twitter_card":"summary_large_image","twitter_misc":{"Escrito por":"T\u00e9cnico Gavri","Tiempo de lectura":"3 minutos"},"schema":{"@context":"https:\/\/schema.org","@graph":[{"@type":"Article","@id":"https:\/\/gavri-src.addisnetwork.es\/blog\/como-usar-ventilador-techo-ahorrar-energia-invierno.html#article","isPartOf":{"@id":"https:\/\/gavri-src.addisnetwork.es\/blog\/como-usar-ventilador-techo-ahorrar-energia-invierno.html"},"author":{"name":"T\u00e9cnico Gavri","@id":"https:\/\/gavri-src.addisnetwork.es\/blog\/#\/schema\/person\/587329a98b34cfdbbfd1e7fbe7b65296"},"headline":"C\u00f3mo usar un ventilador de techo para ahorrar energ\u00eda en invierno","datePublished":"2023-10-18T11:39:59+00:00","dateModified":"2023-10-18T11:40:16+00:00","mainEntityOfPage":{"@id":"https:\/\/gavri-src.addisnetwork.es\/blog\/como-usar-ventilador-techo-ahorrar-energia-invierno.html"},"wordCount":712,"commentCount":0,"publisher":{"@id":"https:\/\/gavri-src.addisnetwork.es\/blog\/#organization"},"image":{"@id":"https:\/\/gavri-src.addisnetwork.es\/blog\/como-usar-ventilador-techo-ahorrar-energia-invierno.html#primaryimage"},"thumbnailUrl":"https:\/\/gavri-src.addisnetwork.es\/blog\/wp-content\/uploads\/2023\/10\/Como-usar-un-ventilador-de-techo-para-ahorrar-energia-en-invierno.png","keywords":["ahorrar energ\u00eda","consejos","usos del ventilador","ventiladores de techo"],"articleSection":["Ventiladores de techo"],"inLanguage":"es","potentialAction":[{"@type":"CommentAction","name":"Comment","target":["https:\/\/gavri-src.addisnetwork.es\/blog\/como-usar-ventilador-techo-ahorrar-energia-invierno.html#respond"]}]},{"@type":"WebPage","@id":"https:\/\/gavri-src.addisnetwork.es\/blog\/como-usar-ventilador-techo-ahorrar-energia-invierno.html","url":"https:\/\/gavri-src.addisnetwork.es\/blog\/como-usar-ventilador-techo-ahorrar-energia-invierno.html","name":"C\u00f3mo usar un ventilador de techo para ahorrar energ\u00eda en invierno","isPartOf":{"@id":"https:\/\/gavri-src.addisnetwork.es\/blog\/#website"},"primaryImageOfPage":{"@id":"https:\/\/gavri-src.addisnetwork.es\/blog\/como-usar-ventilador-techo-ahorrar-energia-invierno.html#primaryimage"},"image":{"@id":"https:\/\/gavri-src.addisnetwork.es\/blog\/como-usar-ventilador-techo-ahorrar-energia-invierno.html#primaryimage"},"thumbnailUrl":"https:\/\/gavri-src.addisnetwork.es\/blog\/wp-content\/uploads\/2023\/10\/Como-usar-un-ventilador-de-techo-para-ahorrar-energia-en-invierno.png","datePublished":"2023-10-18T11:39:59+00:00","dateModified":"2023-10-18T11:40:16+00:00","description":"Descubre, con Gavri, c\u00f3mo usar un ventilador de techo para ahorrar energ\u00eda en invierno y mantener tu hogar c\u00e1lido y eficiente. Consejos.","breadcrumb":{"@id":"https:\/\/gavri-src.addisnetwork.es\/blog\/como-usar-ventilador-techo-ahorrar-energia-invierno.html#breadcrumb"},"inLanguage":"es","potentialAction":[{"@type":"ReadAction","target":["https:\/\/gavri-src.addisnetwork.es\/blog\/como-usar-ventilador-techo-ahorrar-energia-invierno.html"]}]},{"@type":"ImageObject","inLanguage":"es","@id":"https:\/\/gavri-src.addisnetwork.es\/blog\/como-usar-ventilador-techo-ahorrar-energia-invierno.html#primaryimage","url":"https:\/\/gavri-src.addisnetwork.es\/blog\/wp-content\/uploads\/2023\/10\/Como-usar-un-ventilador-de-techo-para-ahorrar-energia-en-invierno.png","contentUrl":"https:\/\/gavri-src.addisnetwork.es\/blog\/wp-content\/uploads\/2023\/10\/Como-usar-un-ventilador-de-techo-para-ahorrar-energia-en-invierno.png","width":632,"height":539,"caption":"C\u00f3mo usar un ventilador de techo para ahorrar energ\u00eda en invierno"},{"@type":"BreadcrumbList","@id":"https:\/\/gavri-src.addisnetwork.es\/blog\/como-usar-ventilador-techo-ahorrar-energia-invierno.html#breadcrumb","itemListElement":[{"@type":"ListItem","position":1,"name":"Portada","item":"https:\/\/gavri-src.addisnetwork.es\/blog"},{"@type":"ListItem","position":2,"name":"C\u00f3mo usar un ventilador de techo para ahorrar energ\u00eda en invierno"}]},{"@type":"WebSite","@id":"https:\/\/gavri-src.addisnetwork.es\/blog\/#website","url":"https:\/\/gavri-src.addisnetwork.es\/blog\/","name":"Blog de Gavri.es","description":"Blog de Gavri.es","publisher":{"@id":"https:\/\/gavri-src.addisnetwork.es\/blog\/#organization"},"potentialAction":[{"@type":"SearchAction","target":{"@type":"EntryPoint","urlTemplate":"https:\/\/gavri-src.addisnetwork.es\/blog\/?s={search_term_string}"},"query-input":{"@type":"PropertyValueSpecification","valueRequired":true,"valueName":"search_term_string"}}],"inLanguage":"es"},{"@type":"Organization","@id":"https:\/\/gavri-src.addisnetwork.es\/blog\/#organization","name":"Blog de Gavri.es","url":"https:\/\/gavri-src.addisnetwork.es\/blog\/","logo":{"@type":"ImageObject","inLanguage":"es","@id":"https:\/\/gavri-src.addisnetwork.es\/blog\/#\/schema\/logo\/image\/","url":"https:\/\/gavri-src.addisnetwork.es\/blog\/wp-content\/uploads\/2021\/01\/cropped-LOGO-gavries-blog-1.png","contentUrl":"https:\/\/gavri-src.addisnetwork.es\/blog\/wp-content\/uploads\/2021\/01\/cropped-LOGO-gavries-blog-1.png","width":520,"height":104,"caption":"Blog de Gavri.es"},"image":{"@id":"https:\/\/gavri-src.addisnetwork.es\/blog\/#\/schema\/logo\/image\/"}},{"@type":"Person","@id":"https:\/\/gavri-src.addisnetwork.es\/blog\/#\/schema\/person\/587329a98b34cfdbbfd1e7fbe7b65296","name":"T\u00e9cnico Gavri","image":{"@type":"ImageObject","inLanguage":"es","@id":"https:\/\/secure.gravatar.com\/avatar\/05be1fcb2076939c113859ec2cf09bc4b6b366950c2e7c2d51962780ab5e6d80?s=96&d=mm&r=g","url":"https:\/\/secure.gravatar.com\/avatar\/05be1fcb2076939c113859ec2cf09bc4b6b366950c2e7c2d51962780ab5e6d80?s=96&d=mm&r=g","contentUrl":"https:\/\/secure.gravatar.com\/avatar\/05be1fcb2076939c113859ec2cf09bc4b6b366950c2e7c2d51962780ab5e6d80?s=96&d=mm&r=g","caption":"T\u00e9cnico Gavri"}}]}},"_links":{"self":[{"href":"https:\/\/gavri-src.addisnetwork.es\/blog\/wp-json\/wp\/v2\/posts\/947","targetHints":{"allow":["GET"]}}],"collection":[{"href":"https:\/\/gavri-src.addisnetwork.es\/blog\/wp-json\/wp\/v2\/posts"}],"about":[{"href":"https:\/\/gavri-src.addisnetwork.es\/blog\/wp-json\/wp\/v2\/types\/post"}],"author":[{"embeddable":true,"href":"https:\/\/gavri-src.addisnetwork.es\/blog\/wp-json\/wp\/v2\/users\/2"}],"replies":[{"embeddable":true,"href":"https:\/\/gavri-src.addisnetwork.es\/blog\/wp-json\/wp\/v2\/comments?post=947"}],"version-history":[{"count":1,"href":"https:\/\/gavri-src.addisnetwork.es\/blog\/wp-json\/wp\/v2\/posts\/947\/revisions"}],"predecessor-version":[{"id":949,"href":"https:\/\/gavri-src.addisnetwork.es\/blog\/wp-json\/wp\/v2\/posts\/947\/revisions\/949"}],"wp:featuredmedia":[{"embeddable":true,"href":"https:\/\/gavri-src.addisnetwork.es\/blog\/wp-json\/wp\/v2\/media\/948"}],"wp:attachment":[{"href":"https:\/\/gavri-src.addisnetwork.es\/blog\/wp-json\/wp\/v2\/media?parent=947"}],"wp:term":[{"taxonomy":"category","embeddable":true,"href":"https:\/\/gavri-src.addisnetwork.es\/blog\/wp-json\/wp\/v2\/categories?post=947"},{"taxonomy":"post_tag","embeddable":true,"href":"https:\/\/gavri-src.addisnetwork.es\/blog\/wp-json\/wp\/v2\/tags?post=947"}],"curies":[{"name":"wp","href":"https:\/\/api.w.org\/{rel}","templated":true}]}}