{"id":951,"date":"2023-10-25T11:22:14","date_gmt":"2023-10-25T11:22:14","guid":{"rendered":"https:\/\/gavri.es\/blog\/?p=951"},"modified":"2023-10-25T11:22:33","modified_gmt":"2023-10-25T11:22:33","slug":"ventiladores-techo-diferentes-espacios-aprovecha-al-maximo","status":"publish","type":"post","link":"https:\/\/gavri-src.addisnetwork.es\/blog\/ventiladores-techo-diferentes-espacios-aprovecha-al-maximo.html","title":{"rendered":"Ventiladores de techo para diferentes espacios, \u00a1aprovecha al m\u00e1ximo!"},"content":{"rendered":"\n<p>Los <strong>ventiladores de techo<\/strong> han evolucionado mucho a lo largo de los a\u00f1os, pasando de ser simples dispositivos de enfriamiento a elementos de dise\u00f1o imprescindibles en cualquier hogar. Estos vers\u00e1tiles aparatos no solo ayudan a mantener un ambiente fresco y c\u00f3modo, sino que tambi\u00e9n agregan un toque de estilo a cualquier habitaci\u00f3n. \u00bfSabes c\u00f3mo elegir y aprovechar al m\u00e1ximo estos dispositivos?<strong> <\/strong><a href=\"https:\/\/gavri.es\/\"><strong>Gavri<\/strong><\/a> te lo cuenta.<\/p>\n\n\n\n<!--more-->\n\n\n\n<h2 class=\"wp-block-heading\"><strong>Elegir el ventilador de techo adecuado<\/strong><\/h2>\n\n\n\n<p>Antes de sumergirnos en los detalles de c\u00f3mo aprovechar al m\u00e1ximo los ventiladores de techo en diferentes espacios, es <strong>esencial seleccionar el modelo adecuado<\/strong>. Aqu\u00ed hay algunos factores clave a considerar:<\/p>\n\n\n\n<ul class=\"wp-block-list\">\n<li><strong>El tama\u00f1o importa<\/strong>. Para habitaciones peque\u00f1as, como estudios o ba\u00f1os, opta por modelos m\u00e1s compactos con aspas de menor longitud. En contraste, las habitaciones grandes, como salas de estar o dormitorios principales, requieren ventiladores de techo con aspas m\u00e1s largas para una distribuci\u00f3n de aire efectiva.<\/li>\n\n\n\n<li><strong>La altura del techo tambi\u00e9n es crucial<\/strong>. Para techos bajos, elige ventiladores de techo con un perfil m\u00e1s delgado y aspas m\u00e1s cercanas al techo. En habitaciones con techos altos, puedes optar por modelos m\u00e1s grandes y llamativos que agreguen un elemento decorativo adicional.<\/li>\n\n\n\n<li><strong>Vienen en una amplia variedad de estilos y dise\u00f1os<\/strong>. Desde modelos modernos y minimalistas hasta opciones r\u00fasticas o cl\u00e1sicas. En <strong>Gavri<\/strong> estamos seguros que hay un <strong>ventilador de techo<\/strong> para cada espacio.&nbsp;<\/li>\n\n\n\n<li><strong>La comodidad tambi\u00e9n juega un papel importante<\/strong>. Muchos ventiladores de techo vienen con controles remotos que permiten ajustar la velocidad y la luz sin levantarse del sof\u00e1. <strong>Algunos incluso son compatibles con asistentes de voz como Alexa o Google Assistant, lo que facilita a\u00fan m\u00e1s su operaci\u00f3n<\/strong>.<\/li>\n<\/ul>\n\n\n\n<h3 class=\"wp-block-heading\"><strong>Ventiladores de techo en el dormitorio<\/strong><\/h3>\n\n\n\n<p>El dormitorio es un espacio donde la tranquilidad y el confort son fundamentales. Los <strong>ventiladores de techo<\/strong> pueden desempe\u00f1ar un papel crucial en la creaci\u00f3n de un ambiente propicio para el sue\u00f1o. Aqu\u00ed hay algunas <strong>sugerencias para aprovechar al m\u00e1ximo estos dispositivos en tu dormitorio<\/strong>:<\/p>\n\n\n\n<ul class=\"wp-block-list\">\n<li>Opta por un ventilador de techo que ofrezca una velocidad silenciosa para evitar ruidos molestos durante la noche. El <a href=\"https:\/\/gavri.es\/inicio\/ventilador-de-techo-casafan-311283w-eco-plano-ii-132cm-blanco-wi-fi\"><strong>Ventilador De Techo CasaFan 313283W ECO PLANO II 132cm Blanco Wi-Fi<\/strong><\/a><strong> <\/strong>puede ser una genial opci\u00f3n.<\/li>\n\n\n\n<li>Elije un modelo con una luz incorporada y una opci\u00f3n de regulaci\u00f3n de intensidad para crear una atm\u00f3sfera relajante. Aqu\u00ed, puedes decantarte por el <a href=\"https:\/\/gavri.es\/ventiladores-de-techo-sin-aspas\/ventilador-de-techo-con-luz-noaton-15050w-furud\"><strong>Ventilador De Techo Con Luz Noaton 15050W Furud<\/strong><\/a>, entre otros.<\/li>\n\n\n\n<li>Algunos ventiladores de techo tienen temporizadores que pueden apagar autom\u00e1ticamente el ventilador despu\u00e9s de un tiempo, lo que es ideal si te gusta quedarte dormido con el ventilador encendido. El <a href=\"https:\/\/gavri.es\/inicio\/ventilador-de-techo-casafan-312275-eco-genuino-con-luz-122cm-mg-nt\"><strong>Ventilador De Techo CasaFan 312275 ECO GENUINO Con Luz 122cm MG-NT<\/strong><\/a><strong> <\/strong>podr\u00e1s configurarlo a tu antojo.<\/li>\n<\/ul>\n\n\n\n<h4 class=\"wp-block-heading\"><strong>Ventiladores de techo en la sala de estar<\/strong><\/h4>\n\n\n\n<p>La sala de estar es el coraz\u00f3n de tu hogar, donde pasas tiempo de calidad con familiares y amigos. Un <strong>ventilador de techo<\/strong> bien seleccionado puede hacer que este espacio sea a\u00fan m\u00e1s acogedor:<\/p>\n\n\n\n<ul class=\"wp-block-list\">\n<li>En la sala de estar, <strong>el estilo es esencial<\/strong>. Considera un <strong>ventilador de techo, <\/strong>como este <a href=\"https:\/\/gavri.es\/inicio\/ventilador-de-techo-outdoor-classic-bz-pr\"><strong>Ventilador De Techo Outdoor Classic BZ-PR<\/strong><\/a>, con detalles decorativos.<\/li>\n\n\n\n<li><strong>Coloca el ventilador de techo en el centro de la sala<\/strong> para garantizar una distribuci\u00f3n de aire uniforme en todas las direcciones.<\/li>\n\n\n\n<li>Opta por un modelo con control remoto mientras te relajas en el sof\u00e1.<\/li>\n<\/ul>\n\n\n\n<h4 class=\"wp-block-heading\"><strong>Ventiladores de techo en el exterior<\/strong><\/h4>\n\n\n\n<p>Finalmente, no olvides que los ventiladores de techo tambi\u00e9n pueden ser una adici\u00f3n valiosa a tus espacios al aire libre, como patios o terrazas:<\/p>\n\n\n\n<ul class=\"wp-block-list\">\n<li>Aseg\u00farate de seleccionar un ventilador de techo dise\u00f1ado espec\u00edficamente para uso en exteriores, que sea resistente a la intemperie y al polvo. El <a href=\"https:\/\/gavri.es\/ventilador-de-techo-para-exteriores\"><strong>Ventilador De Techo MARTEC Liberty Exteriores IP55 Blanco<\/strong><\/a><strong> <\/strong>es id\u00f3neo para uso en exteriores cubiertos.<\/li>\n\n\n\n<li>Los ventiladores de techo al aire libre pueden ayudar a mantener una brisa fresca en d\u00edas calurosos, convirtiendo tu \u00e1rea exterior en un lugar agradable para pasar el tiempo.<\/li>\n\n\n\n<li>Opta por un dise\u00f1o que combine con la est\u00e9tica de tu espacio exterior y que sea duradero para resistir las condiciones clim\u00e1ticas.<\/li>\n<\/ul>\n\n\n\n<p>En conclusi\u00f3n, <strong>los ventiladores de techo son mucho m\u00e1s que simples dispositivos de enfriamiento<\/strong>. Son elementos vers\u00e1tiles que pueden mejorar la comodidad y el estilo en una variedad de espacios de tu hogar.<\/p>\n\n\n\n<p>\u00a1As\u00ed que no dudes, p\u00e1sate por <strong>Gavri<\/strong> e incorp\u00f3ralos en tu dise\u00f1o de interiores y disfruta de un ambiente fresco y elegante durante todo el a\u00f1o!<\/p>\n","protected":false},"excerpt":{"rendered":"<p>Los ventiladores de techo han evolucionado mucho a lo largo de los a\u00f1os, pasando de ser simples dispositivos de enfriamiento a elementos de dise\u00f1o imprescindibles en cualquier hogar. Estos vers\u00e1tiles aparatos no solo ayudan a mantener &#8230; <a title=\"Ventiladores de techo para diferentes espacios, \u00a1aprovecha al m\u00e1ximo!\" class=\"read-more\" href=\"https:\/\/gavri-src.addisnetwork.es\/blog\/ventiladores-techo-diferentes-espacios-aprovecha-al-maximo.html\" aria-label=\"M\u00e1s en Ventiladores de techo para diferentes espacios, \u00a1aprovecha al m\u00e1ximo!\">Leer m\u00e1s<\/a><\/p>\n","protected":false},"author":2,"featured_media":952,"comment_status":"open","ping_status":"closed","sticky":false,"template":"","format":"standard","meta":{"footnotes":""},"categories":[24],"tags":[153,115,152,154,9],"class_list":["post-951","post","type-post","status-publish","format-standard","has-post-thumbnail","hentry","category-ventiladores-de-techo","tag-aprovechamiento","tag-comodidad","tag-espacios","tag-estilo","tag-ventiladores-de-techo","generate-columns","tablet-grid-50","mobile-grid-100","grid-parent","grid-50","no-featured-image-padding"],"yoast_head":"<!-- This site is optimized with the Yoast SEO plugin v27.5 - https:\/\/yoast.com\/product\/yoast-seo-wordpress\/ -->\n<title>Ventiladores de techo para diferentes espacios, \u00a1aprovecha al m\u00e1ximo!<\/title>\n<meta name=\"description\" content=\"\u00bfSabes c\u00f3mo aprovechar al m\u00e1ximo los ventiladores de techo en diferentes espacios para lograr comodidad y estilo en tu hogar? Apr\u00e9ndelo con Gavri.\" \/>\n<meta name=\"robots\" content=\"index, follow, max-snippet:-1, max-image-preview:large, max-video-preview:-1\" \/>\n<link rel=\"canonical\" href=\"https:\/\/gavri-src.addisnetwork.es\/blog\/ventiladores-techo-diferentes-espacios-aprovecha-al-maximo.html\" \/>\n<meta property=\"og:locale\" content=\"es_ES\" \/>\n<meta property=\"og:type\" content=\"article\" \/>\n<meta property=\"og:title\" content=\"Ventiladores de techo para diferentes espacios, \u00a1aprovecha al m\u00e1ximo!\" \/>\n<meta property=\"og:description\" content=\"\u00bfSabes c\u00f3mo aprovechar al m\u00e1ximo los ventiladores de techo en diferentes espacios para lograr comodidad y estilo en tu hogar? Apr\u00e9ndelo con Gavri.\" \/>\n<meta property=\"og:url\" content=\"https:\/\/gavri-src.addisnetwork.es\/blog\/ventiladores-techo-diferentes-espacios-aprovecha-al-maximo.html\" \/>\n<meta property=\"og:site_name\" content=\"Blog de Gavri.es\" \/>\n<meta property=\"article:published_time\" content=\"2023-10-25T11:22:14+00:00\" \/>\n<meta property=\"article:modified_time\" content=\"2023-10-25T11:22:33+00:00\" \/>\n<meta property=\"og:image\" content=\"https:\/\/gavri-src.addisnetwork.es\/blog\/wp-content\/uploads\/2023\/10\/Ventiladores-de-techo-para-diferenes-espacios-\u00a1aprovechalo-al-maximo.png\" \/>\n\t<meta property=\"og:image:width\" content=\"396\" \/>\n\t<meta property=\"og:image:height\" content=\"342\" \/>\n\t<meta property=\"og:image:type\" content=\"image\/png\" \/>\n<meta name=\"author\" content=\"T\u00e9cnico Gavri\" \/>\n<meta name=\"twitter:card\" content=\"summary_large_image\" \/>\n<meta name=\"twitter:label1\" content=\"Escrito por\" \/>\n\t<meta name=\"twitter:data1\" content=\"T\u00e9cnico Gavri\" \/>\n\t<meta name=\"twitter:label2\" content=\"Tiempo de lectura\" \/>\n\t<meta name=\"twitter:data2\" content=\"4 minutos\" \/>\n<script type=\"application\/ld+json\" class=\"yoast-schema-graph\">{\"@context\":\"https:\\\/\\\/schema.org\",\"@graph\":[{\"@type\":\"Article\",\"@id\":\"https:\\\/\\\/gavri-src.addisnetwork.es\\\/blog\\\/ventiladores-techo-diferentes-espacios-aprovecha-al-maximo.html#article\",\"isPartOf\":{\"@id\":\"https:\\\/\\\/gavri-src.addisnetwork.es\\\/blog\\\/ventiladores-techo-diferentes-espacios-aprovecha-al-maximo.html\"},\"author\":{\"name\":\"T\u00e9cnico Gavri\",\"@id\":\"https:\\\/\\\/gavri-src.addisnetwork.es\\\/blog\\\/#\\\/schema\\\/person\\\/587329a98b34cfdbbfd1e7fbe7b65296\"},\"headline\":\"Ventiladores de techo para diferentes espacios, \u00a1aprovecha al m\u00e1ximo!\",\"datePublished\":\"2023-10-25T11:22:14+00:00\",\"dateModified\":\"2023-10-25T11:22:33+00:00\",\"mainEntityOfPage\":{\"@id\":\"https:\\\/\\\/gavri-src.addisnetwork.es\\\/blog\\\/ventiladores-techo-diferentes-espacios-aprovecha-al-maximo.html\"},\"wordCount\":786,\"commentCount\":0,\"publisher\":{\"@id\":\"https:\\\/\\\/gavri-src.addisnetwork.es\\\/blog\\\/#organization\"},\"image\":{\"@id\":\"https:\\\/\\\/gavri-src.addisnetwork.es\\\/blog\\\/ventiladores-techo-diferentes-espacios-aprovecha-al-maximo.html#primaryimage\"},\"thumbnailUrl\":\"https:\\\/\\\/gavri-src.addisnetwork.es\\\/blog\\\/wp-content\\\/uploads\\\/2023\\\/10\\\/Ventiladores-de-techo-para-diferenes-espacios-\u00a1aprovechalo-al-maximo.png\",\"keywords\":[\"aprovechamiento\",\"comodidad\",\"espacios\",\"estilo\",\"ventiladores de techo\"],\"articleSection\":[\"Ventiladores de techo\"],\"inLanguage\":\"es\",\"potentialAction\":[{\"@type\":\"CommentAction\",\"name\":\"Comment\",\"target\":[\"https:\\\/\\\/gavri-src.addisnetwork.es\\\/blog\\\/ventiladores-techo-diferentes-espacios-aprovecha-al-maximo.html#respond\"]}]},{\"@type\":\"WebPage\",\"@id\":\"https:\\\/\\\/gavri-src.addisnetwork.es\\\/blog\\\/ventiladores-techo-diferentes-espacios-aprovecha-al-maximo.html\",\"url\":\"https:\\\/\\\/gavri-src.addisnetwork.es\\\/blog\\\/ventiladores-techo-diferentes-espacios-aprovecha-al-maximo.html\",\"name\":\"Ventiladores de techo para diferentes espacios, \u00a1aprovecha al m\u00e1ximo!\",\"isPartOf\":{\"@id\":\"https:\\\/\\\/gavri-src.addisnetwork.es\\\/blog\\\/#website\"},\"primaryImageOfPage\":{\"@id\":\"https:\\\/\\\/gavri-src.addisnetwork.es\\\/blog\\\/ventiladores-techo-diferentes-espacios-aprovecha-al-maximo.html#primaryimage\"},\"image\":{\"@id\":\"https:\\\/\\\/gavri-src.addisnetwork.es\\\/blog\\\/ventiladores-techo-diferentes-espacios-aprovecha-al-maximo.html#primaryimage\"},\"thumbnailUrl\":\"https:\\\/\\\/gavri-src.addisnetwork.es\\\/blog\\\/wp-content\\\/uploads\\\/2023\\\/10\\\/Ventiladores-de-techo-para-diferenes-espacios-\u00a1aprovechalo-al-maximo.png\",\"datePublished\":\"2023-10-25T11:22:14+00:00\",\"dateModified\":\"2023-10-25T11:22:33+00:00\",\"description\":\"\u00bfSabes c\u00f3mo aprovechar al m\u00e1ximo los ventiladores de techo en diferentes espacios para lograr comodidad y estilo en tu hogar? Apr\u00e9ndelo con Gavri.\",\"breadcrumb\":{\"@id\":\"https:\\\/\\\/gavri-src.addisnetwork.es\\\/blog\\\/ventiladores-techo-diferentes-espacios-aprovecha-al-maximo.html#breadcrumb\"},\"inLanguage\":\"es\",\"potentialAction\":[{\"@type\":\"ReadAction\",\"target\":[\"https:\\\/\\\/gavri-src.addisnetwork.es\\\/blog\\\/ventiladores-techo-diferentes-espacios-aprovecha-al-maximo.html\"]}]},{\"@type\":\"ImageObject\",\"inLanguage\":\"es\",\"@id\":\"https:\\\/\\\/gavri-src.addisnetwork.es\\\/blog\\\/ventiladores-techo-diferentes-espacios-aprovecha-al-maximo.html#primaryimage\",\"url\":\"https:\\\/\\\/gavri-src.addisnetwork.es\\\/blog\\\/wp-content\\\/uploads\\\/2023\\\/10\\\/Ventiladores-de-techo-para-diferenes-espacios-\u00a1aprovechalo-al-maximo.png\",\"contentUrl\":\"https:\\\/\\\/gavri-src.addisnetwork.es\\\/blog\\\/wp-content\\\/uploads\\\/2023\\\/10\\\/Ventiladores-de-techo-para-diferenes-espacios-\u00a1aprovechalo-al-maximo.png\",\"width\":396,\"height\":342,\"caption\":\"Ventiladores de techo para diferenes espacios, \u00a1aprov\u00e9chalo al m\u00e1ximo!\"},{\"@type\":\"BreadcrumbList\",\"@id\":\"https:\\\/\\\/gavri-src.addisnetwork.es\\\/blog\\\/ventiladores-techo-diferentes-espacios-aprovecha-al-maximo.html#breadcrumb\",\"itemListElement\":[{\"@type\":\"ListItem\",\"position\":1,\"name\":\"Portada\",\"item\":\"https:\\\/\\\/gavri-src.addisnetwork.es\\\/blog\"},{\"@type\":\"ListItem\",\"position\":2,\"name\":\"Ventiladores de techo para diferentes espacios, \u00a1aprovecha al m\u00e1ximo!\"}]},{\"@type\":\"WebSite\",\"@id\":\"https:\\\/\\\/gavri-src.addisnetwork.es\\\/blog\\\/#website\",\"url\":\"https:\\\/\\\/gavri-src.addisnetwork.es\\\/blog\\\/\",\"name\":\"Blog de Gavri.es\",\"description\":\"Blog de Gavri.es\",\"publisher\":{\"@id\":\"https:\\\/\\\/gavri-src.addisnetwork.es\\\/blog\\\/#organization\"},\"potentialAction\":[{\"@type\":\"SearchAction\",\"target\":{\"@type\":\"EntryPoint\",\"urlTemplate\":\"https:\\\/\\\/gavri-src.addisnetwork.es\\\/blog\\\/?s={search_term_string}\"},\"query-input\":{\"@type\":\"PropertyValueSpecification\",\"valueRequired\":true,\"valueName\":\"search_term_string\"}}],\"inLanguage\":\"es\"},{\"@type\":\"Organization\",\"@id\":\"https:\\\/\\\/gavri-src.addisnetwork.es\\\/blog\\\/#organization\",\"name\":\"Blog de Gavri.es\",\"url\":\"https:\\\/\\\/gavri-src.addisnetwork.es\\\/blog\\\/\",\"logo\":{\"@type\":\"ImageObject\",\"inLanguage\":\"es\",\"@id\":\"https:\\\/\\\/gavri-src.addisnetwork.es\\\/blog\\\/#\\\/schema\\\/logo\\\/image\\\/\",\"url\":\"https:\\\/\\\/gavri-src.addisnetwork.es\\\/blog\\\/wp-content\\\/uploads\\\/2021\\\/01\\\/cropped-LOGO-gavries-blog-1.png\",\"contentUrl\":\"https:\\\/\\\/gavri-src.addisnetwork.es\\\/blog\\\/wp-content\\\/uploads\\\/2021\\\/01\\\/cropped-LOGO-gavries-blog-1.png\",\"width\":520,\"height\":104,\"caption\":\"Blog de Gavri.es\"},\"image\":{\"@id\":\"https:\\\/\\\/gavri-src.addisnetwork.es\\\/blog\\\/#\\\/schema\\\/logo\\\/image\\\/\"}},{\"@type\":\"Person\",\"@id\":\"https:\\\/\\\/gavri-src.addisnetwork.es\\\/blog\\\/#\\\/schema\\\/person\\\/587329a98b34cfdbbfd1e7fbe7b65296\",\"name\":\"T\u00e9cnico Gavri\",\"image\":{\"@type\":\"ImageObject\",\"inLanguage\":\"es\",\"@id\":\"https:\\\/\\\/secure.gravatar.com\\\/avatar\\\/05be1fcb2076939c113859ec2cf09bc4b6b366950c2e7c2d51962780ab5e6d80?s=96&d=mm&r=g\",\"url\":\"https:\\\/\\\/secure.gravatar.com\\\/avatar\\\/05be1fcb2076939c113859ec2cf09bc4b6b366950c2e7c2d51962780ab5e6d80?s=96&d=mm&r=g\",\"contentUrl\":\"https:\\\/\\\/secure.gravatar.com\\\/avatar\\\/05be1fcb2076939c113859ec2cf09bc4b6b366950c2e7c2d51962780ab5e6d80?s=96&d=mm&r=g\",\"caption\":\"T\u00e9cnico Gavri\"}}]}<\/script>\n<!-- \/ Yoast SEO plugin. -->","yoast_head_json":{"title":"Ventiladores de techo para diferentes espacios, \u00a1aprovecha al m\u00e1ximo!","description":"\u00bfSabes c\u00f3mo aprovechar al m\u00e1ximo los ventiladores de techo en diferentes espacios para lograr comodidad y estilo en tu hogar? Apr\u00e9ndelo con Gavri.","robots":{"index":"index","follow":"follow","max-snippet":"max-snippet:-1","max-image-preview":"max-image-preview:large","max-video-preview":"max-video-preview:-1"},"canonical":"https:\/\/gavri-src.addisnetwork.es\/blog\/ventiladores-techo-diferentes-espacios-aprovecha-al-maximo.html","og_locale":"es_ES","og_type":"article","og_title":"Ventiladores de techo para diferentes espacios, \u00a1aprovecha al m\u00e1ximo!","og_description":"\u00bfSabes c\u00f3mo aprovechar al m\u00e1ximo los ventiladores de techo en diferentes espacios para lograr comodidad y estilo en tu hogar? Apr\u00e9ndelo con Gavri.","og_url":"https:\/\/gavri-src.addisnetwork.es\/blog\/ventiladores-techo-diferentes-espacios-aprovecha-al-maximo.html","og_site_name":"Blog de Gavri.es","article_published_time":"2023-10-25T11:22:14+00:00","article_modified_time":"2023-10-25T11:22:33+00:00","og_image":[{"width":396,"height":342,"url":"https:\/\/gavri-src.addisnetwork.es\/blog\/wp-content\/uploads\/2023\/10\/Ventiladores-de-techo-para-diferenes-espacios-\u00a1aprovechalo-al-maximo.png","type":"image\/png"}],"author":"T\u00e9cnico Gavri","twitter_card":"summary_large_image","twitter_misc":{"Escrito por":"T\u00e9cnico Gavri","Tiempo de lectura":"4 minutos"},"schema":{"@context":"https:\/\/schema.org","@graph":[{"@type":"Article","@id":"https:\/\/gavri-src.addisnetwork.es\/blog\/ventiladores-techo-diferentes-espacios-aprovecha-al-maximo.html#article","isPartOf":{"@id":"https:\/\/gavri-src.addisnetwork.es\/blog\/ventiladores-techo-diferentes-espacios-aprovecha-al-maximo.html"},"author":{"name":"T\u00e9cnico Gavri","@id":"https:\/\/gavri-src.addisnetwork.es\/blog\/#\/schema\/person\/587329a98b34cfdbbfd1e7fbe7b65296"},"headline":"Ventiladores de techo para diferentes espacios, \u00a1aprovecha al m\u00e1ximo!","datePublished":"2023-10-25T11:22:14+00:00","dateModified":"2023-10-25T11:22:33+00:00","mainEntityOfPage":{"@id":"https:\/\/gavri-src.addisnetwork.es\/blog\/ventiladores-techo-diferentes-espacios-aprovecha-al-maximo.html"},"wordCount":786,"commentCount":0,"publisher":{"@id":"https:\/\/gavri-src.addisnetwork.es\/blog\/#organization"},"image":{"@id":"https:\/\/gavri-src.addisnetwork.es\/blog\/ventiladores-techo-diferentes-espacios-aprovecha-al-maximo.html#primaryimage"},"thumbnailUrl":"https:\/\/gavri-src.addisnetwork.es\/blog\/wp-content\/uploads\/2023\/10\/Ventiladores-de-techo-para-diferenes-espacios-\u00a1aprovechalo-al-maximo.png","keywords":["aprovechamiento","comodidad","espacios","estilo","ventiladores de techo"],"articleSection":["Ventiladores de techo"],"inLanguage":"es","potentialAction":[{"@type":"CommentAction","name":"Comment","target":["https:\/\/gavri-src.addisnetwork.es\/blog\/ventiladores-techo-diferentes-espacios-aprovecha-al-maximo.html#respond"]}]},{"@type":"WebPage","@id":"https:\/\/gavri-src.addisnetwork.es\/blog\/ventiladores-techo-diferentes-espacios-aprovecha-al-maximo.html","url":"https:\/\/gavri-src.addisnetwork.es\/blog\/ventiladores-techo-diferentes-espacios-aprovecha-al-maximo.html","name":"Ventiladores de techo para diferentes espacios, \u00a1aprovecha al m\u00e1ximo!","isPartOf":{"@id":"https:\/\/gavri-src.addisnetwork.es\/blog\/#website"},"primaryImageOfPage":{"@id":"https:\/\/gavri-src.addisnetwork.es\/blog\/ventiladores-techo-diferentes-espacios-aprovecha-al-maximo.html#primaryimage"},"image":{"@id":"https:\/\/gavri-src.addisnetwork.es\/blog\/ventiladores-techo-diferentes-espacios-aprovecha-al-maximo.html#primaryimage"},"thumbnailUrl":"https:\/\/gavri-src.addisnetwork.es\/blog\/wp-content\/uploads\/2023\/10\/Ventiladores-de-techo-para-diferenes-espacios-\u00a1aprovechalo-al-maximo.png","datePublished":"2023-10-25T11:22:14+00:00","dateModified":"2023-10-25T11:22:33+00:00","description":"\u00bfSabes c\u00f3mo aprovechar al m\u00e1ximo los ventiladores de techo en diferentes espacios para lograr comodidad y estilo en tu hogar? Apr\u00e9ndelo con Gavri.","breadcrumb":{"@id":"https:\/\/gavri-src.addisnetwork.es\/blog\/ventiladores-techo-diferentes-espacios-aprovecha-al-maximo.html#breadcrumb"},"inLanguage":"es","potentialAction":[{"@type":"ReadAction","target":["https:\/\/gavri-src.addisnetwork.es\/blog\/ventiladores-techo-diferentes-espacios-aprovecha-al-maximo.html"]}]},{"@type":"ImageObject","inLanguage":"es","@id":"https:\/\/gavri-src.addisnetwork.es\/blog\/ventiladores-techo-diferentes-espacios-aprovecha-al-maximo.html#primaryimage","url":"https:\/\/gavri-src.addisnetwork.es\/blog\/wp-content\/uploads\/2023\/10\/Ventiladores-de-techo-para-diferenes-espacios-\u00a1aprovechalo-al-maximo.png","contentUrl":"https:\/\/gavri-src.addisnetwork.es\/blog\/wp-content\/uploads\/2023\/10\/Ventiladores-de-techo-para-diferenes-espacios-\u00a1aprovechalo-al-maximo.png","width":396,"height":342,"caption":"Ventiladores de techo para diferenes espacios, \u00a1aprov\u00e9chalo al m\u00e1ximo!"},{"@type":"BreadcrumbList","@id":"https:\/\/gavri-src.addisnetwork.es\/blog\/ventiladores-techo-diferentes-espacios-aprovecha-al-maximo.html#breadcrumb","itemListElement":[{"@type":"ListItem","position":1,"name":"Portada","item":"https:\/\/gavri-src.addisnetwork.es\/blog"},{"@type":"ListItem","position":2,"name":"Ventiladores de techo para diferentes espacios, \u00a1aprovecha al m\u00e1ximo!"}]},{"@type":"WebSite","@id":"https:\/\/gavri-src.addisnetwork.es\/blog\/#website","url":"https:\/\/gavri-src.addisnetwork.es\/blog\/","name":"Blog de Gavri.es","description":"Blog de Gavri.es","publisher":{"@id":"https:\/\/gavri-src.addisnetwork.es\/blog\/#organization"},"potentialAction":[{"@type":"SearchAction","target":{"@type":"EntryPoint","urlTemplate":"https:\/\/gavri-src.addisnetwork.es\/blog\/?s={search_term_string}"},"query-input":{"@type":"PropertyValueSpecification","valueRequired":true,"valueName":"search_term_string"}}],"inLanguage":"es"},{"@type":"Organization","@id":"https:\/\/gavri-src.addisnetwork.es\/blog\/#organization","name":"Blog de Gavri.es","url":"https:\/\/gavri-src.addisnetwork.es\/blog\/","logo":{"@type":"ImageObject","inLanguage":"es","@id":"https:\/\/gavri-src.addisnetwork.es\/blog\/#\/schema\/logo\/image\/","url":"https:\/\/gavri-src.addisnetwork.es\/blog\/wp-content\/uploads\/2021\/01\/cropped-LOGO-gavries-blog-1.png","contentUrl":"https:\/\/gavri-src.addisnetwork.es\/blog\/wp-content\/uploads\/2021\/01\/cropped-LOGO-gavries-blog-1.png","width":520,"height":104,"caption":"Blog de Gavri.es"},"image":{"@id":"https:\/\/gavri-src.addisnetwork.es\/blog\/#\/schema\/logo\/image\/"}},{"@type":"Person","@id":"https:\/\/gavri-src.addisnetwork.es\/blog\/#\/schema\/person\/587329a98b34cfdbbfd1e7fbe7b65296","name":"T\u00e9cnico Gavri","image":{"@type":"ImageObject","inLanguage":"es","@id":"https:\/\/secure.gravatar.com\/avatar\/05be1fcb2076939c113859ec2cf09bc4b6b366950c2e7c2d51962780ab5e6d80?s=96&d=mm&r=g","url":"https:\/\/secure.gravatar.com\/avatar\/05be1fcb2076939c113859ec2cf09bc4b6b366950c2e7c2d51962780ab5e6d80?s=96&d=mm&r=g","contentUrl":"https:\/\/secure.gravatar.com\/avatar\/05be1fcb2076939c113859ec2cf09bc4b6b366950c2e7c2d51962780ab5e6d80?s=96&d=mm&r=g","caption":"T\u00e9cnico Gavri"}}]}},"_links":{"self":[{"href":"https:\/\/gavri-src.addisnetwork.es\/blog\/wp-json\/wp\/v2\/posts\/951","targetHints":{"allow":["GET"]}}],"collection":[{"href":"https:\/\/gavri-src.addisnetwork.es\/blog\/wp-json\/wp\/v2\/posts"}],"about":[{"href":"https:\/\/gavri-src.addisnetwork.es\/blog\/wp-json\/wp\/v2\/types\/post"}],"author":[{"embeddable":true,"href":"https:\/\/gavri-src.addisnetwork.es\/blog\/wp-json\/wp\/v2\/users\/2"}],"replies":[{"embeddable":true,"href":"https:\/\/gavri-src.addisnetwork.es\/blog\/wp-json\/wp\/v2\/comments?post=951"}],"version-history":[{"count":1,"href":"https:\/\/gavri-src.addisnetwork.es\/blog\/wp-json\/wp\/v2\/posts\/951\/revisions"}],"predecessor-version":[{"id":953,"href":"https:\/\/gavri-src.addisnetwork.es\/blog\/wp-json\/wp\/v2\/posts\/951\/revisions\/953"}],"wp:featuredmedia":[{"embeddable":true,"href":"https:\/\/gavri-src.addisnetwork.es\/blog\/wp-json\/wp\/v2\/media\/952"}],"wp:attachment":[{"href":"https:\/\/gavri-src.addisnetwork.es\/blog\/wp-json\/wp\/v2\/media?parent=951"}],"wp:term":[{"taxonomy":"category","embeddable":true,"href":"https:\/\/gavri-src.addisnetwork.es\/blog\/wp-json\/wp\/v2\/categories?post=951"},{"taxonomy":"post_tag","embeddable":true,"href":"https:\/\/gavri-src.addisnetwork.es\/blog\/wp-json\/wp\/v2\/tags?post=951"}],"curies":[{"name":"wp","href":"https:\/\/api.w.org\/{rel}","templated":true}]}}