{"id":955,"date":"2023-11-01T11:37:24","date_gmt":"2023-11-01T11:37:24","guid":{"rendered":"https:\/\/gavri.es\/blog\/?p=955"},"modified":"2023-11-01T11:39:39","modified_gmt":"2023-11-01T11:39:39","slug":"personalizacion-y-fabricacion-a-medida-de-ventiladores-de-techo","status":"publish","type":"post","link":"https:\/\/gavri-src.addisnetwork.es\/blog\/personalizacion-y-fabricacion-a-medida-de-ventiladores-de-techo.html","title":{"rendered":"Personalizaci\u00f3n y fabricaci\u00f3n a medida de ventiladores de techo"},"content":{"rendered":"\n<p>Los ventiladores de techo son un accesorio esencial para mantener nuestro hogar fresco y c\u00f3modo. Pero \u00bfalguna vez has deseado que tu ventilador de techo fuera m\u00e1s que solo una herramienta funcional? Con la personalizaci\u00f3n y fabricaci\u00f3n a medida de ventiladores de techo, puedes convertir este elemento utilitario en una obra de arte que se adapte perfectamente a tu estilo y necesidades. A continuaci\u00f3n, desde <a href=\"https:\/\/gavri.es\/\"><strong>Gavri<\/strong><\/a>, ahondaremos en c\u00f3mo la personalizaci\u00f3n y la fabricaci\u00f3n a medida pueden transformar tu experiencia con los ventiladores de techo.<\/p>\n\n\n\n<!--more-->\n\n\n\n<h2 class=\"wp-block-heading\"><strong>Personalizaci\u00f3n de ventiladores de techo: Un toque \u00fanico<\/strong><\/h2>\n\n\n\n<p>Cuando pensamos en personalizaci\u00f3n, generalmente lo asociamos con la capacidad de elegir colores y dise\u00f1os para que coincidan con nuestra decoraci\u00f3n. Sin embargo, la personalizaci\u00f3n de ventiladores de techo va m\u00e1s all\u00e1 de la apariencia superficial. Permite que tu creatividad fluya y te brinda la oportunidad de dise\u00f1ar un ventilador de techo que sea verdaderamente \u00fanico.<\/p>\n\n\n\n<p>El primer paso en la personalizaci\u00f3n de ventiladores de techo es seleccionar los colores que se adapten a tu estilo y decoraci\u00f3n existente.&nbsp;<\/p>\n\n\n\n<h3 class=\"wp-block-heading\"><strong>Dise\u00f1os exclusivos para cada aspa<\/strong><\/h3>\n\n\n\n<p>\u00bfPor qu\u00e9 conformarse con aspas de ventilador aburridas cuando puedes tener dise\u00f1os \u00fanicos? La personalizaci\u00f3n de aspas de ventiladores de techo te permite crear patrones y estilos que reflejen tus gustos personales. Desde dise\u00f1os geom\u00e9tricos modernos hasta motivos tradicionales, las posibilidades son infinitas. Por ejemplo, puedes comprar en <strong>Gavri <\/strong>y crear tus propios ventiladores de techo <a href=\"https:\/\/gavri.es\/crea-tu-ventilador-de-techo-eco-neo-a-la-carta\"><strong>Eco Neo<\/strong><\/a>. Puedes a\u00f1adir diferentes opciones de color, de motor y diferentes longitudes de barra para adaptarse a distintas alturas de techo.<\/p>\n\n\n\n<h4 class=\"wp-block-heading\"><strong>Control de velocidad y funciones especiales<\/strong><\/h4>\n\n\n\n<p><strong>La personalizaci\u00f3n no se limita solo a la est\u00e9tica<\/strong>. Tambi\u00e9n puedes elegir las funciones y caracter\u00edsticas que mejor se adapten a tus necesidades. Control de velocidad ajustable, iluminaci\u00f3n incorporada, control remoto o incluso integraci\u00f3n inteligente, todo est\u00e1 a tu alcance.<\/p>\n\n\n\n<h4 class=\"wp-block-heading\"><strong>Fabricaci\u00f3n a medida de ventiladores de techo: Un ventilador hecho para ti<\/strong><\/h4>\n\n\n\n<p>Si la personalizaci\u00f3n es como elegir tu helado favorito entre las opciones disponibles, la fabricaci\u00f3n a medida de ventiladores de techo es como crear tu propio sabor de helado \u00fanico que solo t\u00fa puedes disfrutar.<\/p>\n\n\n\n<h4 class=\"wp-block-heading\"><strong>Tama\u00f1o y potencia personalizados<\/strong><\/h4>\n\n\n\n<p>Uno de los aspectos m\u00e1s emocionantes de la fabricaci\u00f3n a medida es la capacidad de elegir el tama\u00f1o y la potencia de tu ventilador de techo. Ya sea que necesites un ventilador peque\u00f1o y silencioso para una habitaci\u00f3n acogedora o un potente ventilador industrial para un espacio grande, puedes tenerlo a tu manera.<\/p>\n\n\n\n<h4 class=\"wp-block-heading\"><strong>Elecci\u00f3n de materiales de calidad<\/strong><\/h4>\n\n\n\n<p>La calidad es fundamental cuando se trata de ventiladores de techo. La fabricaci\u00f3n a medida te permite seleccionar los materiales que se ajusten a tus est\u00e1ndares. Desde madera ex\u00f3tica hasta acero inoxidable duradero, puedes estar seguro de que tu ventilador ser\u00e1 de la m\u00e1s alta calidad. Esto, sin duda, va incluido en el precio. Puedes comprar un ventilador de techo de alta gama, como el <a href=\"https:\/\/gavri.es\/inicio\/ventilador-de-techo-casafan-315266-eco-genuino-152cm-nuez-oscura\"><strong>Ventilador De Techo CasaFan 315266 ECO GENUINO 152cm Nuez Oscura<\/strong><\/a> o un ventilador m\u00e1s asequible como el <a href=\"https:\/\/gavri.es\/ventiladores-de-techo\/ventilador-de-techo-casafan-eco-neo-iii-103cm-943111-blanco-cerezo-o-nogal\"><strong>Ventilador De Techo CasaFan ECO NEO III 103cm 943111 Blanco \/ Cerezo O Nogal<\/strong><\/a>.<\/p>\n\n\n\n<h4 class=\"wp-block-heading\"><strong>Dise\u00f1o ergon\u00f3mico para tu espacio<\/strong><\/h4>\n\n\n\n<p>Cada espacio es \u00fanico, y tu ventilador de techo debe adaptarse a la perfecci\u00f3n. <strong>Con la fabricaci\u00f3n a medida, puedes dise\u00f1ar un ventilador que se ajuste a la altura de tu techo, la disposici\u00f3n de tus muebles y la distribuci\u00f3n de la habitaci\u00f3n<\/strong>. Esto garantiza un flujo de aire eficiente y una apariencia elegante.<\/p>\n\n\n\n<h4 class=\"wp-block-heading\"><strong>Combinando personalizaci\u00f3n y fabricaci\u00f3n a medida: Tu ventilador de ensue\u00f1o<\/strong><\/h4>\n\n\n\n<p>La verdadera magia se produce cuando combinas la <strong>personalizaci\u00f3n y la fabricaci\u00f3n a medida<\/strong> para crear un ventilador de techo. Aqu\u00ed hay algunas <strong>ideas para inspirarte<\/strong>:<\/p>\n\n\n\n<ul class=\"wp-block-list\">\n<li>Si tienes una habitaci\u00f3n tem\u00e1tica, como una sala de juegos para ni\u00f1os o una sala de m\u00fasica, puedes dise\u00f1ar un <a href=\"https:\/\/gavri.es\/crea-tu-ventilador-de-techo-eco-genuino\"><strong>ventilador de techo<\/strong><\/a> que se adapte al tema. Imagina un ventilador con aspas en forma de notas musicales para tu sala de m\u00fasica o un ventilador con aspas en forma de nubes y aviones para la habitaci\u00f3n de tus hijos.<\/li>\n\n\n\n<li>Para aquellos que buscan lo \u00faltimo en comodidad y tecnolog\u00eda, puedes personalizar un <a href=\"https:\/\/gavri.es\/inicio\/ventilador-de-techo-con-luz-casafan-315261-eco-genuino-l-152cm-madera-maciza-nogal-cromo-satinado\"><strong>ventilador de techo con integraci\u00f3n inteligente<\/strong><\/a>. Controla la velocidad y la iluminaci\u00f3n desde tu mando a distancia, creando un ambiente perfectamente ajustado.<\/li>\n\n\n\n<li>Si tienes un espacio al aire libre, como un patio o una terraza, la personalizaci\u00f3n y la fabricaci\u00f3n a medida pueden adaptarse a las <strong>condiciones exteriores<\/strong>. Opta por materiales resistentes a la intemperie y dise\u00f1os que complementen tu entorno al aire libre.<\/li>\n<\/ul>\n\n\n\n<h4 class=\"wp-block-heading\"><strong>\u00bfD\u00f3nde encontrar la personalizaci\u00f3n y fabricaci\u00f3n a medida de ventiladores de techo?<\/strong><\/h4>\n\n\n\n<p>Para llevar a cabo tus ideas de personalizaci\u00f3n y fabricaci\u00f3n a medida, es importante encontrar un fabricante de confianza que pueda convertirlas en realidad. Desde <strong>Gavri<\/strong>, hacemos tus sue\u00f1os realidad.<\/p>\n\n\n\n<p>En resumen, <strong>la personalizaci\u00f3n y la fabricaci\u00f3n a medida de ventiladores de techo ofrecen una oportunidad emocionante para transformar un elemento cotidiano en una obra maestra que refleje tu estilo y necesidades \u00fanicas<\/strong><\/p>\n\n\n\n<p>\u00a1Aprovecha esta oportunidad para hacer una declaraci\u00f3n de estilo en tu hogar!<\/p>\n","protected":false},"excerpt":{"rendered":"<p>Los ventiladores de techo son un accesorio esencial para mantener nuestro hogar fresco y c\u00f3modo. Pero \u00bfalguna vez has deseado que tu ventilador de techo fuera m\u00e1s que solo una herramienta funcional? Con la personalizaci\u00f3n y &#8230; <a title=\"Personalizaci\u00f3n y fabricaci\u00f3n a medida de ventiladores de techo\" class=\"read-more\" href=\"https:\/\/gavri-src.addisnetwork.es\/blog\/personalizacion-y-fabricacion-a-medida-de-ventiladores-de-techo.html\" aria-label=\"M\u00e1s en Personalizaci\u00f3n y fabricaci\u00f3n a medida de ventiladores de techo\">Leer m\u00e1s<\/a><\/p>\n","protected":false},"author":2,"featured_media":959,"comment_status":"open","ping_status":"closed","sticky":false,"template":"","format":"standard","meta":{"footnotes":""},"categories":[24],"tags":[157,156,140,9],"class_list":["post-955","post","type-post","status-publish","format-standard","has-post-thumbnail","hentry","category-ventiladores-de-techo","tag-espacios-unicos","tag-fabricacion","tag-personalizacion","tag-ventiladores-de-techo","generate-columns","tablet-grid-50","mobile-grid-100","grid-parent","grid-50","no-featured-image-padding"],"yoast_head":"<!-- This site is optimized with the Yoast SEO plugin v27.5 - https:\/\/yoast.com\/product\/yoast-seo-wordpress\/ -->\n<title>Personalizaci\u00f3n y fabricaci\u00f3n a medida de ventiladores de techo<\/title>\n<meta name=\"description\" content=\"Conoce ahora la personalizaci\u00f3n y fabricaci\u00f3n a medida de ventiladores de techo pueden transformar tu hogar. Crea espacio \u00fanico y funcional.\" \/>\n<meta name=\"robots\" content=\"index, follow, max-snippet:-1, max-image-preview:large, max-video-preview:-1\" \/>\n<link rel=\"canonical\" href=\"https:\/\/gavri-src.addisnetwork.es\/blog\/personalizacion-y-fabricacion-a-medida-de-ventiladores-de-techo.html\" \/>\n<meta property=\"og:locale\" content=\"es_ES\" \/>\n<meta property=\"og:type\" content=\"article\" \/>\n<meta property=\"og:title\" content=\"Personalizaci\u00f3n y fabricaci\u00f3n a medida de ventiladores de techo\" \/>\n<meta property=\"og:description\" content=\"Conoce ahora la personalizaci\u00f3n y fabricaci\u00f3n a medida de ventiladores de techo pueden transformar tu hogar. Crea espacio \u00fanico y funcional.\" \/>\n<meta property=\"og:url\" content=\"https:\/\/gavri-src.addisnetwork.es\/blog\/personalizacion-y-fabricacion-a-medida-de-ventiladores-de-techo.html\" \/>\n<meta property=\"og:site_name\" content=\"Blog de Gavri.es\" \/>\n<meta property=\"article:published_time\" content=\"2023-11-01T11:37:24+00:00\" \/>\n<meta property=\"article:modified_time\" content=\"2023-11-01T11:39:39+00:00\" \/>\n<meta property=\"og:image\" content=\"https:\/\/gavri-src.addisnetwork.es\/blog\/wp-content\/uploads\/2023\/11\/Personalizacion-y-fabricacion-a-medida-de-ventiladores-de-techo.png\" \/>\n\t<meta property=\"og:image:width\" content=\"619\" \/>\n\t<meta property=\"og:image:height\" content=\"601\" \/>\n\t<meta property=\"og:image:type\" content=\"image\/png\" \/>\n<meta name=\"author\" content=\"T\u00e9cnico Gavri\" \/>\n<meta name=\"twitter:card\" content=\"summary_large_image\" \/>\n<meta name=\"twitter:label1\" content=\"Escrito por\" \/>\n\t<meta name=\"twitter:data1\" content=\"T\u00e9cnico Gavri\" \/>\n\t<meta name=\"twitter:label2\" content=\"Tiempo de lectura\" \/>\n\t<meta name=\"twitter:data2\" content=\"4 minutos\" \/>\n<script type=\"application\/ld+json\" class=\"yoast-schema-graph\">{\"@context\":\"https:\\\/\\\/schema.org\",\"@graph\":[{\"@type\":\"Article\",\"@id\":\"https:\\\/\\\/gavri-src.addisnetwork.es\\\/blog\\\/personalizacion-y-fabricacion-a-medida-de-ventiladores-de-techo.html#article\",\"isPartOf\":{\"@id\":\"https:\\\/\\\/gavri-src.addisnetwork.es\\\/blog\\\/personalizacion-y-fabricacion-a-medida-de-ventiladores-de-techo.html\"},\"author\":{\"name\":\"T\u00e9cnico Gavri\",\"@id\":\"https:\\\/\\\/gavri-src.addisnetwork.es\\\/blog\\\/#\\\/schema\\\/person\\\/587329a98b34cfdbbfd1e7fbe7b65296\"},\"headline\":\"Personalizaci\u00f3n y fabricaci\u00f3n a medida de ventiladores de techo\",\"datePublished\":\"2023-11-01T11:37:24+00:00\",\"dateModified\":\"2023-11-01T11:39:39+00:00\",\"mainEntityOfPage\":{\"@id\":\"https:\\\/\\\/gavri-src.addisnetwork.es\\\/blog\\\/personalizacion-y-fabricacion-a-medida-de-ventiladores-de-techo.html\"},\"wordCount\":913,\"commentCount\":0,\"publisher\":{\"@id\":\"https:\\\/\\\/gavri-src.addisnetwork.es\\\/blog\\\/#organization\"},\"image\":{\"@id\":\"https:\\\/\\\/gavri-src.addisnetwork.es\\\/blog\\\/personalizacion-y-fabricacion-a-medida-de-ventiladores-de-techo.html#primaryimage\"},\"thumbnailUrl\":\"https:\\\/\\\/gavri-src.addisnetwork.es\\\/blog\\\/wp-content\\\/uploads\\\/2023\\\/11\\\/Personalizacion-y-fabricacion-a-medida-de-ventiladores-de-techo.png\",\"keywords\":[\"espacios \u00fanicos\",\"fabricaci\u00f3n\",\"personalizaci\u00f3n\",\"ventiladores de techo\"],\"articleSection\":[\"Ventiladores de techo\"],\"inLanguage\":\"es\",\"potentialAction\":[{\"@type\":\"CommentAction\",\"name\":\"Comment\",\"target\":[\"https:\\\/\\\/gavri-src.addisnetwork.es\\\/blog\\\/personalizacion-y-fabricacion-a-medida-de-ventiladores-de-techo.html#respond\"]}]},{\"@type\":\"WebPage\",\"@id\":\"https:\\\/\\\/gavri-src.addisnetwork.es\\\/blog\\\/personalizacion-y-fabricacion-a-medida-de-ventiladores-de-techo.html\",\"url\":\"https:\\\/\\\/gavri-src.addisnetwork.es\\\/blog\\\/personalizacion-y-fabricacion-a-medida-de-ventiladores-de-techo.html\",\"name\":\"Personalizaci\u00f3n y fabricaci\u00f3n a medida de ventiladores de techo\",\"isPartOf\":{\"@id\":\"https:\\\/\\\/gavri-src.addisnetwork.es\\\/blog\\\/#website\"},\"primaryImageOfPage\":{\"@id\":\"https:\\\/\\\/gavri-src.addisnetwork.es\\\/blog\\\/personalizacion-y-fabricacion-a-medida-de-ventiladores-de-techo.html#primaryimage\"},\"image\":{\"@id\":\"https:\\\/\\\/gavri-src.addisnetwork.es\\\/blog\\\/personalizacion-y-fabricacion-a-medida-de-ventiladores-de-techo.html#primaryimage\"},\"thumbnailUrl\":\"https:\\\/\\\/gavri-src.addisnetwork.es\\\/blog\\\/wp-content\\\/uploads\\\/2023\\\/11\\\/Personalizacion-y-fabricacion-a-medida-de-ventiladores-de-techo.png\",\"datePublished\":\"2023-11-01T11:37:24+00:00\",\"dateModified\":\"2023-11-01T11:39:39+00:00\",\"description\":\"Conoce ahora la personalizaci\u00f3n y fabricaci\u00f3n a medida de ventiladores de techo pueden transformar tu hogar. Crea espacio \u00fanico y funcional.\",\"breadcrumb\":{\"@id\":\"https:\\\/\\\/gavri-src.addisnetwork.es\\\/blog\\\/personalizacion-y-fabricacion-a-medida-de-ventiladores-de-techo.html#breadcrumb\"},\"inLanguage\":\"es\",\"potentialAction\":[{\"@type\":\"ReadAction\",\"target\":[\"https:\\\/\\\/gavri-src.addisnetwork.es\\\/blog\\\/personalizacion-y-fabricacion-a-medida-de-ventiladores-de-techo.html\"]}]},{\"@type\":\"ImageObject\",\"inLanguage\":\"es\",\"@id\":\"https:\\\/\\\/gavri-src.addisnetwork.es\\\/blog\\\/personalizacion-y-fabricacion-a-medida-de-ventiladores-de-techo.html#primaryimage\",\"url\":\"https:\\\/\\\/gavri-src.addisnetwork.es\\\/blog\\\/wp-content\\\/uploads\\\/2023\\\/11\\\/Personalizacion-y-fabricacion-a-medida-de-ventiladores-de-techo.png\",\"contentUrl\":\"https:\\\/\\\/gavri-src.addisnetwork.es\\\/blog\\\/wp-content\\\/uploads\\\/2023\\\/11\\\/Personalizacion-y-fabricacion-a-medida-de-ventiladores-de-techo.png\",\"width\":619,\"height\":601,\"caption\":\"Personalizaci\u00f3n y fabricaci\u00f3n a medida de ventiladores de techo\"},{\"@type\":\"BreadcrumbList\",\"@id\":\"https:\\\/\\\/gavri-src.addisnetwork.es\\\/blog\\\/personalizacion-y-fabricacion-a-medida-de-ventiladores-de-techo.html#breadcrumb\",\"itemListElement\":[{\"@type\":\"ListItem\",\"position\":1,\"name\":\"Portada\",\"item\":\"https:\\\/\\\/gavri-src.addisnetwork.es\\\/blog\"},{\"@type\":\"ListItem\",\"position\":2,\"name\":\"Personalizaci\u00f3n y fabricaci\u00f3n a medida de ventiladores de techo\"}]},{\"@type\":\"WebSite\",\"@id\":\"https:\\\/\\\/gavri-src.addisnetwork.es\\\/blog\\\/#website\",\"url\":\"https:\\\/\\\/gavri-src.addisnetwork.es\\\/blog\\\/\",\"name\":\"Blog de Gavri.es\",\"description\":\"Blog de Gavri.es\",\"publisher\":{\"@id\":\"https:\\\/\\\/gavri-src.addisnetwork.es\\\/blog\\\/#organization\"},\"potentialAction\":[{\"@type\":\"SearchAction\",\"target\":{\"@type\":\"EntryPoint\",\"urlTemplate\":\"https:\\\/\\\/gavri-src.addisnetwork.es\\\/blog\\\/?s={search_term_string}\"},\"query-input\":{\"@type\":\"PropertyValueSpecification\",\"valueRequired\":true,\"valueName\":\"search_term_string\"}}],\"inLanguage\":\"es\"},{\"@type\":\"Organization\",\"@id\":\"https:\\\/\\\/gavri-src.addisnetwork.es\\\/blog\\\/#organization\",\"name\":\"Blog de Gavri.es\",\"url\":\"https:\\\/\\\/gavri-src.addisnetwork.es\\\/blog\\\/\",\"logo\":{\"@type\":\"ImageObject\",\"inLanguage\":\"es\",\"@id\":\"https:\\\/\\\/gavri-src.addisnetwork.es\\\/blog\\\/#\\\/schema\\\/logo\\\/image\\\/\",\"url\":\"https:\\\/\\\/gavri-src.addisnetwork.es\\\/blog\\\/wp-content\\\/uploads\\\/2021\\\/01\\\/cropped-LOGO-gavries-blog-1.png\",\"contentUrl\":\"https:\\\/\\\/gavri-src.addisnetwork.es\\\/blog\\\/wp-content\\\/uploads\\\/2021\\\/01\\\/cropped-LOGO-gavries-blog-1.png\",\"width\":520,\"height\":104,\"caption\":\"Blog de Gavri.es\"},\"image\":{\"@id\":\"https:\\\/\\\/gavri-src.addisnetwork.es\\\/blog\\\/#\\\/schema\\\/logo\\\/image\\\/\"}},{\"@type\":\"Person\",\"@id\":\"https:\\\/\\\/gavri-src.addisnetwork.es\\\/blog\\\/#\\\/schema\\\/person\\\/587329a98b34cfdbbfd1e7fbe7b65296\",\"name\":\"T\u00e9cnico Gavri\",\"image\":{\"@type\":\"ImageObject\",\"inLanguage\":\"es\",\"@id\":\"https:\\\/\\\/secure.gravatar.com\\\/avatar\\\/05be1fcb2076939c113859ec2cf09bc4b6b366950c2e7c2d51962780ab5e6d80?s=96&d=mm&r=g\",\"url\":\"https:\\\/\\\/secure.gravatar.com\\\/avatar\\\/05be1fcb2076939c113859ec2cf09bc4b6b366950c2e7c2d51962780ab5e6d80?s=96&d=mm&r=g\",\"contentUrl\":\"https:\\\/\\\/secure.gravatar.com\\\/avatar\\\/05be1fcb2076939c113859ec2cf09bc4b6b366950c2e7c2d51962780ab5e6d80?s=96&d=mm&r=g\",\"caption\":\"T\u00e9cnico Gavri\"}}]}<\/script>\n<!-- \/ Yoast SEO plugin. -->","yoast_head_json":{"title":"Personalizaci\u00f3n y fabricaci\u00f3n a medida de ventiladores de techo","description":"Conoce ahora la personalizaci\u00f3n y fabricaci\u00f3n a medida de ventiladores de techo pueden transformar tu hogar. Crea espacio \u00fanico y funcional.","robots":{"index":"index","follow":"follow","max-snippet":"max-snippet:-1","max-image-preview":"max-image-preview:large","max-video-preview":"max-video-preview:-1"},"canonical":"https:\/\/gavri-src.addisnetwork.es\/blog\/personalizacion-y-fabricacion-a-medida-de-ventiladores-de-techo.html","og_locale":"es_ES","og_type":"article","og_title":"Personalizaci\u00f3n y fabricaci\u00f3n a medida de ventiladores de techo","og_description":"Conoce ahora la personalizaci\u00f3n y fabricaci\u00f3n a medida de ventiladores de techo pueden transformar tu hogar. Crea espacio \u00fanico y funcional.","og_url":"https:\/\/gavri-src.addisnetwork.es\/blog\/personalizacion-y-fabricacion-a-medida-de-ventiladores-de-techo.html","og_site_name":"Blog de Gavri.es","article_published_time":"2023-11-01T11:37:24+00:00","article_modified_time":"2023-11-01T11:39:39+00:00","og_image":[{"width":619,"height":601,"url":"https:\/\/gavri-src.addisnetwork.es\/blog\/wp-content\/uploads\/2023\/11\/Personalizacion-y-fabricacion-a-medida-de-ventiladores-de-techo.png","type":"image\/png"}],"author":"T\u00e9cnico Gavri","twitter_card":"summary_large_image","twitter_misc":{"Escrito por":"T\u00e9cnico Gavri","Tiempo de lectura":"4 minutos"},"schema":{"@context":"https:\/\/schema.org","@graph":[{"@type":"Article","@id":"https:\/\/gavri-src.addisnetwork.es\/blog\/personalizacion-y-fabricacion-a-medida-de-ventiladores-de-techo.html#article","isPartOf":{"@id":"https:\/\/gavri-src.addisnetwork.es\/blog\/personalizacion-y-fabricacion-a-medida-de-ventiladores-de-techo.html"},"author":{"name":"T\u00e9cnico Gavri","@id":"https:\/\/gavri-src.addisnetwork.es\/blog\/#\/schema\/person\/587329a98b34cfdbbfd1e7fbe7b65296"},"headline":"Personalizaci\u00f3n y fabricaci\u00f3n a medida de ventiladores de techo","datePublished":"2023-11-01T11:37:24+00:00","dateModified":"2023-11-01T11:39:39+00:00","mainEntityOfPage":{"@id":"https:\/\/gavri-src.addisnetwork.es\/blog\/personalizacion-y-fabricacion-a-medida-de-ventiladores-de-techo.html"},"wordCount":913,"commentCount":0,"publisher":{"@id":"https:\/\/gavri-src.addisnetwork.es\/blog\/#organization"},"image":{"@id":"https:\/\/gavri-src.addisnetwork.es\/blog\/personalizacion-y-fabricacion-a-medida-de-ventiladores-de-techo.html#primaryimage"},"thumbnailUrl":"https:\/\/gavri-src.addisnetwork.es\/blog\/wp-content\/uploads\/2023\/11\/Personalizacion-y-fabricacion-a-medida-de-ventiladores-de-techo.png","keywords":["espacios \u00fanicos","fabricaci\u00f3n","personalizaci\u00f3n","ventiladores de techo"],"articleSection":["Ventiladores de techo"],"inLanguage":"es","potentialAction":[{"@type":"CommentAction","name":"Comment","target":["https:\/\/gavri-src.addisnetwork.es\/blog\/personalizacion-y-fabricacion-a-medida-de-ventiladores-de-techo.html#respond"]}]},{"@type":"WebPage","@id":"https:\/\/gavri-src.addisnetwork.es\/blog\/personalizacion-y-fabricacion-a-medida-de-ventiladores-de-techo.html","url":"https:\/\/gavri-src.addisnetwork.es\/blog\/personalizacion-y-fabricacion-a-medida-de-ventiladores-de-techo.html","name":"Personalizaci\u00f3n y fabricaci\u00f3n a medida de ventiladores de techo","isPartOf":{"@id":"https:\/\/gavri-src.addisnetwork.es\/blog\/#website"},"primaryImageOfPage":{"@id":"https:\/\/gavri-src.addisnetwork.es\/blog\/personalizacion-y-fabricacion-a-medida-de-ventiladores-de-techo.html#primaryimage"},"image":{"@id":"https:\/\/gavri-src.addisnetwork.es\/blog\/personalizacion-y-fabricacion-a-medida-de-ventiladores-de-techo.html#primaryimage"},"thumbnailUrl":"https:\/\/gavri-src.addisnetwork.es\/blog\/wp-content\/uploads\/2023\/11\/Personalizacion-y-fabricacion-a-medida-de-ventiladores-de-techo.png","datePublished":"2023-11-01T11:37:24+00:00","dateModified":"2023-11-01T11:39:39+00:00","description":"Conoce ahora la personalizaci\u00f3n y fabricaci\u00f3n a medida de ventiladores de techo pueden transformar tu hogar. Crea espacio \u00fanico y funcional.","breadcrumb":{"@id":"https:\/\/gavri-src.addisnetwork.es\/blog\/personalizacion-y-fabricacion-a-medida-de-ventiladores-de-techo.html#breadcrumb"},"inLanguage":"es","potentialAction":[{"@type":"ReadAction","target":["https:\/\/gavri-src.addisnetwork.es\/blog\/personalizacion-y-fabricacion-a-medida-de-ventiladores-de-techo.html"]}]},{"@type":"ImageObject","inLanguage":"es","@id":"https:\/\/gavri-src.addisnetwork.es\/blog\/personalizacion-y-fabricacion-a-medida-de-ventiladores-de-techo.html#primaryimage","url":"https:\/\/gavri-src.addisnetwork.es\/blog\/wp-content\/uploads\/2023\/11\/Personalizacion-y-fabricacion-a-medida-de-ventiladores-de-techo.png","contentUrl":"https:\/\/gavri-src.addisnetwork.es\/blog\/wp-content\/uploads\/2023\/11\/Personalizacion-y-fabricacion-a-medida-de-ventiladores-de-techo.png","width":619,"height":601,"caption":"Personalizaci\u00f3n y fabricaci\u00f3n a medida de ventiladores de techo"},{"@type":"BreadcrumbList","@id":"https:\/\/gavri-src.addisnetwork.es\/blog\/personalizacion-y-fabricacion-a-medida-de-ventiladores-de-techo.html#breadcrumb","itemListElement":[{"@type":"ListItem","position":1,"name":"Portada","item":"https:\/\/gavri-src.addisnetwork.es\/blog"},{"@type":"ListItem","position":2,"name":"Personalizaci\u00f3n y fabricaci\u00f3n a medida de ventiladores de techo"}]},{"@type":"WebSite","@id":"https:\/\/gavri-src.addisnetwork.es\/blog\/#website","url":"https:\/\/gavri-src.addisnetwork.es\/blog\/","name":"Blog de Gavri.es","description":"Blog de Gavri.es","publisher":{"@id":"https:\/\/gavri-src.addisnetwork.es\/blog\/#organization"},"potentialAction":[{"@type":"SearchAction","target":{"@type":"EntryPoint","urlTemplate":"https:\/\/gavri-src.addisnetwork.es\/blog\/?s={search_term_string}"},"query-input":{"@type":"PropertyValueSpecification","valueRequired":true,"valueName":"search_term_string"}}],"inLanguage":"es"},{"@type":"Organization","@id":"https:\/\/gavri-src.addisnetwork.es\/blog\/#organization","name":"Blog de Gavri.es","url":"https:\/\/gavri-src.addisnetwork.es\/blog\/","logo":{"@type":"ImageObject","inLanguage":"es","@id":"https:\/\/gavri-src.addisnetwork.es\/blog\/#\/schema\/logo\/image\/","url":"https:\/\/gavri-src.addisnetwork.es\/blog\/wp-content\/uploads\/2021\/01\/cropped-LOGO-gavries-blog-1.png","contentUrl":"https:\/\/gavri-src.addisnetwork.es\/blog\/wp-content\/uploads\/2021\/01\/cropped-LOGO-gavries-blog-1.png","width":520,"height":104,"caption":"Blog de Gavri.es"},"image":{"@id":"https:\/\/gavri-src.addisnetwork.es\/blog\/#\/schema\/logo\/image\/"}},{"@type":"Person","@id":"https:\/\/gavri-src.addisnetwork.es\/blog\/#\/schema\/person\/587329a98b34cfdbbfd1e7fbe7b65296","name":"T\u00e9cnico Gavri","image":{"@type":"ImageObject","inLanguage":"es","@id":"https:\/\/secure.gravatar.com\/avatar\/05be1fcb2076939c113859ec2cf09bc4b6b366950c2e7c2d51962780ab5e6d80?s=96&d=mm&r=g","url":"https:\/\/secure.gravatar.com\/avatar\/05be1fcb2076939c113859ec2cf09bc4b6b366950c2e7c2d51962780ab5e6d80?s=96&d=mm&r=g","contentUrl":"https:\/\/secure.gravatar.com\/avatar\/05be1fcb2076939c113859ec2cf09bc4b6b366950c2e7c2d51962780ab5e6d80?s=96&d=mm&r=g","caption":"T\u00e9cnico Gavri"}}]}},"_links":{"self":[{"href":"https:\/\/gavri-src.addisnetwork.es\/blog\/wp-json\/wp\/v2\/posts\/955","targetHints":{"allow":["GET"]}}],"collection":[{"href":"https:\/\/gavri-src.addisnetwork.es\/blog\/wp-json\/wp\/v2\/posts"}],"about":[{"href":"https:\/\/gavri-src.addisnetwork.es\/blog\/wp-json\/wp\/v2\/types\/post"}],"author":[{"embeddable":true,"href":"https:\/\/gavri-src.addisnetwork.es\/blog\/wp-json\/wp\/v2\/users\/2"}],"replies":[{"embeddable":true,"href":"https:\/\/gavri-src.addisnetwork.es\/blog\/wp-json\/wp\/v2\/comments?post=955"}],"version-history":[{"count":1,"href":"https:\/\/gavri-src.addisnetwork.es\/blog\/wp-json\/wp\/v2\/posts\/955\/revisions"}],"predecessor-version":[{"id":957,"href":"https:\/\/gavri-src.addisnetwork.es\/blog\/wp-json\/wp\/v2\/posts\/955\/revisions\/957"}],"wp:featuredmedia":[{"embeddable":true,"href":"https:\/\/gavri-src.addisnetwork.es\/blog\/wp-json\/wp\/v2\/media\/959"}],"wp:attachment":[{"href":"https:\/\/gavri-src.addisnetwork.es\/blog\/wp-json\/wp\/v2\/media?parent=955"}],"wp:term":[{"taxonomy":"category","embeddable":true,"href":"https:\/\/gavri-src.addisnetwork.es\/blog\/wp-json\/wp\/v2\/categories?post=955"},{"taxonomy":"post_tag","embeddable":true,"href":"https:\/\/gavri-src.addisnetwork.es\/blog\/wp-json\/wp\/v2\/tags?post=955"}],"curies":[{"name":"wp","href":"https:\/\/api.w.org\/{rel}","templated":true}]}}