{"id":982,"date":"2023-12-27T12:46:45","date_gmt":"2023-12-27T12:46:45","guid":{"rendered":"https:\/\/gavri.es\/blog\/?p=982"},"modified":"2023-12-27T12:46:46","modified_gmt":"2023-12-27T12:46:46","slug":"incorpora-en-tus-ventiladores-de-techo-kits-de-luces","status":"publish","type":"post","link":"https:\/\/gavri-src.addisnetwork.es\/blog\/incorpora-en-tus-ventiladores-de-techo-kits-de-luces.html","title":{"rendered":"Incorpora en tus ventiladores de techo kits de luces"},"content":{"rendered":"\n<p>\u00a1Bienvenidos, un d\u00eda m\u00e1s, a <a href=\"https:\/\/gavri.es\/\"><strong>Gavri<\/strong><\/a>! Como hemos dicho en anteriores ocasiones nuestro principal objetivo es mejorar la calidad de vida de las personas. Por eso, hoy queremos hablarles sobre una incre\u00edble forma de mejorar tus ventiladores de techo: \u00a1incorporarles kits de luces! A lo largo de este post, exploraremos por qu\u00e9 los kits de luces son un punto muy positivo para tus ventiladores de techo. Tambi\u00e9n, c\u00f3mo pueden transformar la atm\u00f3sfera de tu hogar. Adem\u00e1s, mencionaremos la posibilidad de a\u00f1adir kits de luz a los ventiladores de techo de la reconocida marca Casafan. As\u00ed que, si est\u00e1s buscando una manera sencilla y efectiva de hacer que tu hogar sea m\u00e1s acogedor y vers\u00e1til, \u00a1sigue leyendo!<\/p>\n\n\n\n<!--more-->\n\n\n\n<h2 class=\"wp-block-heading\"><strong>Transforma tu hogar con kits de luces para ventiladores de techo<\/strong><\/h2>\n\n\n\n<p>Los ventiladores de techo son una elecci\u00f3n popular para mantener nuestros hogares frescos y c\u00f3modos, especialmente durante los meses c\u00e1lidos. Pero, \u00bfsab\u00edas que tambi\u00e9n pueden cumplir una funci\u00f3n importante en la iluminaci\u00f3n de tu espacio? S\u00ed, eso es correcto, al incorporar kits de luces a tus <a href=\"https:\/\/gavri.es\/ventiladores-de-techo-con-luz\"><strong>ventiladores de techo<\/strong><\/a>, puedes lograr una transformaci\u00f3n sorprendente en la apariencia y la funcionalidad de cualquier habitaci\u00f3n.<\/p>\n\n\n\n<h3 class=\"wp-block-heading\"><strong>Ventiladores de techo con kits de iluminaci\u00f3n: un doble prop\u00f3sito<\/strong><\/h3>\n\n\n\n<p>Cuando pensamos en ventiladores de techo, a menudo los asociamos \u00fanicamente con la circulaci\u00f3n de aire. Sin embargo, al a\u00f1adir kits de luces, estos dispositivos pueden cumplir un doble prop\u00f3sito. <strong>Te ayudar\u00e1n a mantener tu hogar fresco en verano y c\u00e1lido en invierno y te proporcionar\u00e1n una iluminaci\u00f3n suave y ambiental<\/strong>. Esto es especialmente beneficioso en habitaciones como la sala de estar, el dormitorio o el comedor, donde la iluminaci\u00f3n adecuada puede crear una atm\u00f3sfera acogedora.<\/p>\n\n\n\n<h4 class=\"wp-block-heading\"><strong>\u00bfPor qu\u00e9 optar por un kit de luces para tu ventilador de techo?<\/strong><\/h4>\n\n\n\n<p>Ahora que hemos visto c\u00f3mo los ventiladores de techo con kits de luces pueden ofrecer un doble prop\u00f3sito, es hora de explorar las <strong>razones por las cuales deber\u00edas considerar esta opci\u00f3n:<\/strong><\/p>\n\n\n\n<ol class=\"wp-block-list\">\n<li>En lugar de instalar un ventilador de techo y una l\u00e1mpara por separado, un kit de luces integrado te permite ahorrar espacio y simplificar la decoraci\u00f3n de tu hogar.<\/li>\n\n\n\n<li>Muchos kits de luces utilizan tecnolog\u00eda LED de bajo consumo energ\u00e9tico, lo que te ayudar\u00e1 a reducir tu factura de electricidad.<\/li>\n\n\n\n<li>La incorporaci\u00f3n de kits de luces a tus ventiladores de techo puede aumentar el atractivo de tu hogar para futuros compradores, lo que podr\u00eda aumentar su valor en el mercado.<\/li>\n<\/ol>\n\n\n\n<h4 class=\"wp-block-heading\"><strong>Explorando la opci\u00f3n de kits de luz para motores Casafan<\/strong><\/h4>\n\n\n\n<p>Si est\u00e1s considerando la posibilidad de agregar un ventilador de techo, no puedes pasar por alto la marca <a href=\"https:\/\/gavri.es\/casafan\"><strong>Casafan<\/strong><\/a>. Esta reconocida empresa se ha destacado en la fabricaci\u00f3n de ventiladores de techo de alta calidad. Ofrecen opciones de estos ventiladores con iluminaci\u00f3n incorporada.\u00a0<\/p>\n\n\n\n<p>La clave de lo que venimos contando est\u00e1 en que si coges un ventilador eco neo sin luz, y seleccionas un kit de luz compatible, obtienes un ventilador de techo con luz. En este caso, a modo de ejemplo, nos gustar\u00eda mostrar lo siguiente: si cogemos el <a href=\"https:\/\/gavri.es\/inicio\/ventilador-de-techo-casafan-943131-eco-neo-iii-103cm-blanco\"><strong>Ventilador De Techo CasaFan 943131 ECO NEO III 103cm Blanco<\/strong><\/a> que es un ventilador de techo eco neo sin luz, y cogemos el <a href=\"https:\/\/gavri.es\/accesorios-para-ventiladores-de-techo\/kit-de-luz-blanco-en5r-led-we-2686-para-ventiladores-de-techo-casafan-eco-neo-iii\"><strong>Kit De Luz Blanco EN5R-LED WE 2686 Para Ventiladores De Techo CasaFan Eco Neo III<\/strong><\/a> estaremos creando un kit compatible. Si los juntamos obtenemos el <a href=\"https:\/\/gavri.es\/ventiladores-de-techo\/ventilador-de-techo-con-luz-casafan-943131-eco-neo-iii-103cm-blanco-kit-de-luz-en5r-led-we\"><strong>Ventilador De Techo Con Luz CasaFan 943131 ECO NEO III 103cm Blanco + Kit De Luz EN5R-LED WE<\/strong><\/a> que es el ventilador con el kit.\u00a0Visita Gavri y podr\u00e1s encontrar una gran variedad de combinaciones, \u00bfTe las vas a perder?<\/p>\n\n\n\n<p>Adem\u00e1s de su atractivo est\u00e9tico, <strong>son conocidos por su durabilidad y eficiencia energ\u00e9tica<\/strong>. Esto significa que tambi\u00e9n estar\u00e1s invirtiendo en una soluci\u00f3n a largo plazo que te ayudar\u00e1 a ahorrar energ\u00eda y dinero en el futuro.<\/p>\n\n\n\n<p>Para aquellos que valoran la comodidad y la facilidad de uso, los ventiladores de techo con luz Casafan vienen con opciones de control remoto. Esto te permite ajustarlo sin tener que levantarte de tu silla o sof\u00e1. <strong>Esto es especialmente \u00fatil cuando deseas crear un ambiente relajante en tu hogar.<\/strong><\/p>\n\n\n\n<p>En resumen, incorporar kits de luces a tus ventiladores de techo es una forma inteligente y vers\u00e1til de mejorar la iluminaci\u00f3n y la comodidad en tu hogar. Y si est\u00e1s considerando esta opci\u00f3n, no dudes en explorar las ofertas de Casafan en Gavri. Como sab\u00e9is \u00e9sta es una marca de confianza en el mundo de los ventiladores de techo y la iluminaci\u00f3n. Con todo esto, tu hogar se convertir\u00e1 en un espacio m\u00e1s atractivo y funcional\u00a0\u00a1As\u00ed que no esperes m\u00e1s, contacta con <a href=\"https:\/\/gavri.es\/contactenos\"><strong>Gavri<\/strong><\/a> y da el paso hacia un hogar m\u00e1s luminoso y fresco con kits de luces para tus ventiladores de techo!<\/p>\n","protected":false},"excerpt":{"rendered":"<p>\u00a1Bienvenidos, un d\u00eda m\u00e1s, a Gavri! Como hemos dicho en anteriores ocasiones nuestro principal objetivo es mejorar la calidad de vida de las personas. Por eso, hoy queremos hablarles sobre una incre\u00edble forma de mejorar tus &#8230; <a title=\"Incorpora en tus ventiladores de techo kits de luces\" class=\"read-more\" href=\"https:\/\/gavri-src.addisnetwork.es\/blog\/incorpora-en-tus-ventiladores-de-techo-kits-de-luces.html\" aria-label=\"M\u00e1s en Incorpora en tus ventiladores de techo kits de luces\">Leer m\u00e1s<\/a><\/p>\n","protected":false},"author":2,"featured_media":983,"comment_status":"open","ping_status":"closed","sticky":false,"template":"","format":"standard","meta":{"footnotes":""},"categories":[24],"tags":[115,89,165,9],"class_list":["post-982","post","type-post","status-publish","format-standard","has-post-thumbnail","hentry","category-ventiladores-de-techo","tag-comodidad","tag-iluminacion","tag-kit-de-luces","tag-ventiladores-de-techo","generate-columns","tablet-grid-50","mobile-grid-100","grid-parent","grid-50","no-featured-image-padding"],"yoast_head":"<!-- This site is optimized with the Yoast SEO plugin v27.5 - https:\/\/yoast.com\/product\/yoast-seo-wordpress\/ -->\n<title>Incorpora en tus ventiladores de techo kits de luces<\/title>\n<meta name=\"description\" content=\"Mejora la iluminaci\u00f3n y comodidad en tu hogar con kits de luces para ventiladores de techo, \u00a1descubre c\u00f3mo en este art\u00edculo de Gavri!\" \/>\n<meta name=\"robots\" content=\"index, follow, max-snippet:-1, max-image-preview:large, max-video-preview:-1\" \/>\n<link rel=\"canonical\" href=\"https:\/\/gavri-src.addisnetwork.es\/blog\/incorpora-en-tus-ventiladores-de-techo-kits-de-luces.html\" \/>\n<meta property=\"og:locale\" content=\"es_ES\" \/>\n<meta property=\"og:type\" content=\"article\" \/>\n<meta property=\"og:title\" content=\"Incorpora en tus ventiladores de techo kits de luces\" \/>\n<meta property=\"og:description\" content=\"Mejora la iluminaci\u00f3n y comodidad en tu hogar con kits de luces para ventiladores de techo, \u00a1descubre c\u00f3mo en este art\u00edculo de Gavri!\" \/>\n<meta property=\"og:url\" content=\"https:\/\/gavri-src.addisnetwork.es\/blog\/incorpora-en-tus-ventiladores-de-techo-kits-de-luces.html\" \/>\n<meta property=\"og:site_name\" content=\"Blog de Gavri.es\" \/>\n<meta property=\"article:published_time\" content=\"2023-12-27T12:46:45+00:00\" \/>\n<meta property=\"article:modified_time\" content=\"2023-12-27T12:46:46+00:00\" \/>\n<meta property=\"og:image\" content=\"https:\/\/gavri-src.addisnetwork.es\/blog\/wp-content\/uploads\/2023\/12\/Incorpora-en-tus-ventiladores-de-techo-kits-de-luces.png\" \/>\n\t<meta property=\"og:image:width\" content=\"464\" \/>\n\t<meta property=\"og:image:height\" content=\"591\" \/>\n\t<meta property=\"og:image:type\" content=\"image\/png\" \/>\n<meta name=\"author\" content=\"T\u00e9cnico Gavri\" \/>\n<meta name=\"twitter:card\" content=\"summary_large_image\" \/>\n<meta name=\"twitter:label1\" content=\"Escrito por\" \/>\n\t<meta name=\"twitter:data1\" content=\"T\u00e9cnico Gavri\" \/>\n\t<meta name=\"twitter:label2\" content=\"Tiempo de lectura\" \/>\n\t<meta name=\"twitter:data2\" content=\"4 minutos\" \/>\n<script type=\"application\/ld+json\" class=\"yoast-schema-graph\">{\"@context\":\"https:\\\/\\\/schema.org\",\"@graph\":[{\"@type\":\"Article\",\"@id\":\"https:\\\/\\\/gavri-src.addisnetwork.es\\\/blog\\\/incorpora-en-tus-ventiladores-de-techo-kits-de-luces.html#article\",\"isPartOf\":{\"@id\":\"https:\\\/\\\/gavri-src.addisnetwork.es\\\/blog\\\/incorpora-en-tus-ventiladores-de-techo-kits-de-luces.html\"},\"author\":{\"name\":\"T\u00e9cnico Gavri\",\"@id\":\"https:\\\/\\\/gavri-src.addisnetwork.es\\\/blog\\\/#\\\/schema\\\/person\\\/587329a98b34cfdbbfd1e7fbe7b65296\"},\"headline\":\"Incorpora en tus ventiladores de techo kits de luces\",\"datePublished\":\"2023-12-27T12:46:45+00:00\",\"dateModified\":\"2023-12-27T12:46:46+00:00\",\"mainEntityOfPage\":{\"@id\":\"https:\\\/\\\/gavri-src.addisnetwork.es\\\/blog\\\/incorpora-en-tus-ventiladores-de-techo-kits-de-luces.html\"},\"wordCount\":848,\"commentCount\":0,\"publisher\":{\"@id\":\"https:\\\/\\\/gavri-src.addisnetwork.es\\\/blog\\\/#organization\"},\"image\":{\"@id\":\"https:\\\/\\\/gavri-src.addisnetwork.es\\\/blog\\\/incorpora-en-tus-ventiladores-de-techo-kits-de-luces.html#primaryimage\"},\"thumbnailUrl\":\"https:\\\/\\\/gavri-src.addisnetwork.es\\\/blog\\\/wp-content\\\/uploads\\\/2023\\\/12\\\/Incorpora-en-tus-ventiladores-de-techo-kits-de-luces.png\",\"keywords\":[\"comodidad\",\"iluminaci\u00f3n\",\"kit de luces\",\"ventiladores de techo\"],\"articleSection\":[\"Ventiladores de techo\"],\"inLanguage\":\"es\",\"potentialAction\":[{\"@type\":\"CommentAction\",\"name\":\"Comment\",\"target\":[\"https:\\\/\\\/gavri-src.addisnetwork.es\\\/blog\\\/incorpora-en-tus-ventiladores-de-techo-kits-de-luces.html#respond\"]}]},{\"@type\":\"WebPage\",\"@id\":\"https:\\\/\\\/gavri-src.addisnetwork.es\\\/blog\\\/incorpora-en-tus-ventiladores-de-techo-kits-de-luces.html\",\"url\":\"https:\\\/\\\/gavri-src.addisnetwork.es\\\/blog\\\/incorpora-en-tus-ventiladores-de-techo-kits-de-luces.html\",\"name\":\"Incorpora en tus ventiladores de techo kits de luces\",\"isPartOf\":{\"@id\":\"https:\\\/\\\/gavri-src.addisnetwork.es\\\/blog\\\/#website\"},\"primaryImageOfPage\":{\"@id\":\"https:\\\/\\\/gavri-src.addisnetwork.es\\\/blog\\\/incorpora-en-tus-ventiladores-de-techo-kits-de-luces.html#primaryimage\"},\"image\":{\"@id\":\"https:\\\/\\\/gavri-src.addisnetwork.es\\\/blog\\\/incorpora-en-tus-ventiladores-de-techo-kits-de-luces.html#primaryimage\"},\"thumbnailUrl\":\"https:\\\/\\\/gavri-src.addisnetwork.es\\\/blog\\\/wp-content\\\/uploads\\\/2023\\\/12\\\/Incorpora-en-tus-ventiladores-de-techo-kits-de-luces.png\",\"datePublished\":\"2023-12-27T12:46:45+00:00\",\"dateModified\":\"2023-12-27T12:46:46+00:00\",\"description\":\"Mejora la iluminaci\u00f3n y comodidad en tu hogar con kits de luces para ventiladores de techo, \u00a1descubre c\u00f3mo en este art\u00edculo de Gavri!\",\"breadcrumb\":{\"@id\":\"https:\\\/\\\/gavri-src.addisnetwork.es\\\/blog\\\/incorpora-en-tus-ventiladores-de-techo-kits-de-luces.html#breadcrumb\"},\"inLanguage\":\"es\",\"potentialAction\":[{\"@type\":\"ReadAction\",\"target\":[\"https:\\\/\\\/gavri-src.addisnetwork.es\\\/blog\\\/incorpora-en-tus-ventiladores-de-techo-kits-de-luces.html\"]}]},{\"@type\":\"ImageObject\",\"inLanguage\":\"es\",\"@id\":\"https:\\\/\\\/gavri-src.addisnetwork.es\\\/blog\\\/incorpora-en-tus-ventiladores-de-techo-kits-de-luces.html#primaryimage\",\"url\":\"https:\\\/\\\/gavri-src.addisnetwork.es\\\/blog\\\/wp-content\\\/uploads\\\/2023\\\/12\\\/Incorpora-en-tus-ventiladores-de-techo-kits-de-luces.png\",\"contentUrl\":\"https:\\\/\\\/gavri-src.addisnetwork.es\\\/blog\\\/wp-content\\\/uploads\\\/2023\\\/12\\\/Incorpora-en-tus-ventiladores-de-techo-kits-de-luces.png\",\"width\":464,\"height\":591,\"caption\":\"Incorpora en tus ventiladores de techo kits de luces\"},{\"@type\":\"BreadcrumbList\",\"@id\":\"https:\\\/\\\/gavri-src.addisnetwork.es\\\/blog\\\/incorpora-en-tus-ventiladores-de-techo-kits-de-luces.html#breadcrumb\",\"itemListElement\":[{\"@type\":\"ListItem\",\"position\":1,\"name\":\"Portada\",\"item\":\"https:\\\/\\\/gavri-src.addisnetwork.es\\\/blog\"},{\"@type\":\"ListItem\",\"position\":2,\"name\":\"Incorpora en tus ventiladores de techo kits de luces\"}]},{\"@type\":\"WebSite\",\"@id\":\"https:\\\/\\\/gavri-src.addisnetwork.es\\\/blog\\\/#website\",\"url\":\"https:\\\/\\\/gavri-src.addisnetwork.es\\\/blog\\\/\",\"name\":\"Blog de Gavri.es\",\"description\":\"Blog de Gavri.es\",\"publisher\":{\"@id\":\"https:\\\/\\\/gavri-src.addisnetwork.es\\\/blog\\\/#organization\"},\"potentialAction\":[{\"@type\":\"SearchAction\",\"target\":{\"@type\":\"EntryPoint\",\"urlTemplate\":\"https:\\\/\\\/gavri-src.addisnetwork.es\\\/blog\\\/?s={search_term_string}\"},\"query-input\":{\"@type\":\"PropertyValueSpecification\",\"valueRequired\":true,\"valueName\":\"search_term_string\"}}],\"inLanguage\":\"es\"},{\"@type\":\"Organization\",\"@id\":\"https:\\\/\\\/gavri-src.addisnetwork.es\\\/blog\\\/#organization\",\"name\":\"Blog de Gavri.es\",\"url\":\"https:\\\/\\\/gavri-src.addisnetwork.es\\\/blog\\\/\",\"logo\":{\"@type\":\"ImageObject\",\"inLanguage\":\"es\",\"@id\":\"https:\\\/\\\/gavri-src.addisnetwork.es\\\/blog\\\/#\\\/schema\\\/logo\\\/image\\\/\",\"url\":\"https:\\\/\\\/gavri-src.addisnetwork.es\\\/blog\\\/wp-content\\\/uploads\\\/2021\\\/01\\\/cropped-LOGO-gavries-blog-1.png\",\"contentUrl\":\"https:\\\/\\\/gavri-src.addisnetwork.es\\\/blog\\\/wp-content\\\/uploads\\\/2021\\\/01\\\/cropped-LOGO-gavries-blog-1.png\",\"width\":520,\"height\":104,\"caption\":\"Blog de Gavri.es\"},\"image\":{\"@id\":\"https:\\\/\\\/gavri-src.addisnetwork.es\\\/blog\\\/#\\\/schema\\\/logo\\\/image\\\/\"}},{\"@type\":\"Person\",\"@id\":\"https:\\\/\\\/gavri-src.addisnetwork.es\\\/blog\\\/#\\\/schema\\\/person\\\/587329a98b34cfdbbfd1e7fbe7b65296\",\"name\":\"T\u00e9cnico Gavri\",\"image\":{\"@type\":\"ImageObject\",\"inLanguage\":\"es\",\"@id\":\"https:\\\/\\\/secure.gravatar.com\\\/avatar\\\/05be1fcb2076939c113859ec2cf09bc4b6b366950c2e7c2d51962780ab5e6d80?s=96&d=mm&r=g\",\"url\":\"https:\\\/\\\/secure.gravatar.com\\\/avatar\\\/05be1fcb2076939c113859ec2cf09bc4b6b366950c2e7c2d51962780ab5e6d80?s=96&d=mm&r=g\",\"contentUrl\":\"https:\\\/\\\/secure.gravatar.com\\\/avatar\\\/05be1fcb2076939c113859ec2cf09bc4b6b366950c2e7c2d51962780ab5e6d80?s=96&d=mm&r=g\",\"caption\":\"T\u00e9cnico Gavri\"}}]}<\/script>\n<!-- \/ Yoast SEO plugin. -->","yoast_head_json":{"title":"Incorpora en tus ventiladores de techo kits de luces","description":"Mejora la iluminaci\u00f3n y comodidad en tu hogar con kits de luces para ventiladores de techo, \u00a1descubre c\u00f3mo en este art\u00edculo de Gavri!","robots":{"index":"index","follow":"follow","max-snippet":"max-snippet:-1","max-image-preview":"max-image-preview:large","max-video-preview":"max-video-preview:-1"},"canonical":"https:\/\/gavri-src.addisnetwork.es\/blog\/incorpora-en-tus-ventiladores-de-techo-kits-de-luces.html","og_locale":"es_ES","og_type":"article","og_title":"Incorpora en tus ventiladores de techo kits de luces","og_description":"Mejora la iluminaci\u00f3n y comodidad en tu hogar con kits de luces para ventiladores de techo, \u00a1descubre c\u00f3mo en este art\u00edculo de Gavri!","og_url":"https:\/\/gavri-src.addisnetwork.es\/blog\/incorpora-en-tus-ventiladores-de-techo-kits-de-luces.html","og_site_name":"Blog de Gavri.es","article_published_time":"2023-12-27T12:46:45+00:00","article_modified_time":"2023-12-27T12:46:46+00:00","og_image":[{"width":464,"height":591,"url":"https:\/\/gavri-src.addisnetwork.es\/blog\/wp-content\/uploads\/2023\/12\/Incorpora-en-tus-ventiladores-de-techo-kits-de-luces.png","type":"image\/png"}],"author":"T\u00e9cnico Gavri","twitter_card":"summary_large_image","twitter_misc":{"Escrito por":"T\u00e9cnico Gavri","Tiempo de lectura":"4 minutos"},"schema":{"@context":"https:\/\/schema.org","@graph":[{"@type":"Article","@id":"https:\/\/gavri-src.addisnetwork.es\/blog\/incorpora-en-tus-ventiladores-de-techo-kits-de-luces.html#article","isPartOf":{"@id":"https:\/\/gavri-src.addisnetwork.es\/blog\/incorpora-en-tus-ventiladores-de-techo-kits-de-luces.html"},"author":{"name":"T\u00e9cnico Gavri","@id":"https:\/\/gavri-src.addisnetwork.es\/blog\/#\/schema\/person\/587329a98b34cfdbbfd1e7fbe7b65296"},"headline":"Incorpora en tus ventiladores de techo kits de luces","datePublished":"2023-12-27T12:46:45+00:00","dateModified":"2023-12-27T12:46:46+00:00","mainEntityOfPage":{"@id":"https:\/\/gavri-src.addisnetwork.es\/blog\/incorpora-en-tus-ventiladores-de-techo-kits-de-luces.html"},"wordCount":848,"commentCount":0,"publisher":{"@id":"https:\/\/gavri-src.addisnetwork.es\/blog\/#organization"},"image":{"@id":"https:\/\/gavri-src.addisnetwork.es\/blog\/incorpora-en-tus-ventiladores-de-techo-kits-de-luces.html#primaryimage"},"thumbnailUrl":"https:\/\/gavri-src.addisnetwork.es\/blog\/wp-content\/uploads\/2023\/12\/Incorpora-en-tus-ventiladores-de-techo-kits-de-luces.png","keywords":["comodidad","iluminaci\u00f3n","kit de luces","ventiladores de techo"],"articleSection":["Ventiladores de techo"],"inLanguage":"es","potentialAction":[{"@type":"CommentAction","name":"Comment","target":["https:\/\/gavri-src.addisnetwork.es\/blog\/incorpora-en-tus-ventiladores-de-techo-kits-de-luces.html#respond"]}]},{"@type":"WebPage","@id":"https:\/\/gavri-src.addisnetwork.es\/blog\/incorpora-en-tus-ventiladores-de-techo-kits-de-luces.html","url":"https:\/\/gavri-src.addisnetwork.es\/blog\/incorpora-en-tus-ventiladores-de-techo-kits-de-luces.html","name":"Incorpora en tus ventiladores de techo kits de luces","isPartOf":{"@id":"https:\/\/gavri-src.addisnetwork.es\/blog\/#website"},"primaryImageOfPage":{"@id":"https:\/\/gavri-src.addisnetwork.es\/blog\/incorpora-en-tus-ventiladores-de-techo-kits-de-luces.html#primaryimage"},"image":{"@id":"https:\/\/gavri-src.addisnetwork.es\/blog\/incorpora-en-tus-ventiladores-de-techo-kits-de-luces.html#primaryimage"},"thumbnailUrl":"https:\/\/gavri-src.addisnetwork.es\/blog\/wp-content\/uploads\/2023\/12\/Incorpora-en-tus-ventiladores-de-techo-kits-de-luces.png","datePublished":"2023-12-27T12:46:45+00:00","dateModified":"2023-12-27T12:46:46+00:00","description":"Mejora la iluminaci\u00f3n y comodidad en tu hogar con kits de luces para ventiladores de techo, \u00a1descubre c\u00f3mo en este art\u00edculo de Gavri!","breadcrumb":{"@id":"https:\/\/gavri-src.addisnetwork.es\/blog\/incorpora-en-tus-ventiladores-de-techo-kits-de-luces.html#breadcrumb"},"inLanguage":"es","potentialAction":[{"@type":"ReadAction","target":["https:\/\/gavri-src.addisnetwork.es\/blog\/incorpora-en-tus-ventiladores-de-techo-kits-de-luces.html"]}]},{"@type":"ImageObject","inLanguage":"es","@id":"https:\/\/gavri-src.addisnetwork.es\/blog\/incorpora-en-tus-ventiladores-de-techo-kits-de-luces.html#primaryimage","url":"https:\/\/gavri-src.addisnetwork.es\/blog\/wp-content\/uploads\/2023\/12\/Incorpora-en-tus-ventiladores-de-techo-kits-de-luces.png","contentUrl":"https:\/\/gavri-src.addisnetwork.es\/blog\/wp-content\/uploads\/2023\/12\/Incorpora-en-tus-ventiladores-de-techo-kits-de-luces.png","width":464,"height":591,"caption":"Incorpora en tus ventiladores de techo kits de luces"},{"@type":"BreadcrumbList","@id":"https:\/\/gavri-src.addisnetwork.es\/blog\/incorpora-en-tus-ventiladores-de-techo-kits-de-luces.html#breadcrumb","itemListElement":[{"@type":"ListItem","position":1,"name":"Portada","item":"https:\/\/gavri-src.addisnetwork.es\/blog"},{"@type":"ListItem","position":2,"name":"Incorpora en tus ventiladores de techo kits de luces"}]},{"@type":"WebSite","@id":"https:\/\/gavri-src.addisnetwork.es\/blog\/#website","url":"https:\/\/gavri-src.addisnetwork.es\/blog\/","name":"Blog de Gavri.es","description":"Blog de Gavri.es","publisher":{"@id":"https:\/\/gavri-src.addisnetwork.es\/blog\/#organization"},"potentialAction":[{"@type":"SearchAction","target":{"@type":"EntryPoint","urlTemplate":"https:\/\/gavri-src.addisnetwork.es\/blog\/?s={search_term_string}"},"query-input":{"@type":"PropertyValueSpecification","valueRequired":true,"valueName":"search_term_string"}}],"inLanguage":"es"},{"@type":"Organization","@id":"https:\/\/gavri-src.addisnetwork.es\/blog\/#organization","name":"Blog de Gavri.es","url":"https:\/\/gavri-src.addisnetwork.es\/blog\/","logo":{"@type":"ImageObject","inLanguage":"es","@id":"https:\/\/gavri-src.addisnetwork.es\/blog\/#\/schema\/logo\/image\/","url":"https:\/\/gavri-src.addisnetwork.es\/blog\/wp-content\/uploads\/2021\/01\/cropped-LOGO-gavries-blog-1.png","contentUrl":"https:\/\/gavri-src.addisnetwork.es\/blog\/wp-content\/uploads\/2021\/01\/cropped-LOGO-gavries-blog-1.png","width":520,"height":104,"caption":"Blog de Gavri.es"},"image":{"@id":"https:\/\/gavri-src.addisnetwork.es\/blog\/#\/schema\/logo\/image\/"}},{"@type":"Person","@id":"https:\/\/gavri-src.addisnetwork.es\/blog\/#\/schema\/person\/587329a98b34cfdbbfd1e7fbe7b65296","name":"T\u00e9cnico Gavri","image":{"@type":"ImageObject","inLanguage":"es","@id":"https:\/\/secure.gravatar.com\/avatar\/05be1fcb2076939c113859ec2cf09bc4b6b366950c2e7c2d51962780ab5e6d80?s=96&d=mm&r=g","url":"https:\/\/secure.gravatar.com\/avatar\/05be1fcb2076939c113859ec2cf09bc4b6b366950c2e7c2d51962780ab5e6d80?s=96&d=mm&r=g","contentUrl":"https:\/\/secure.gravatar.com\/avatar\/05be1fcb2076939c113859ec2cf09bc4b6b366950c2e7c2d51962780ab5e6d80?s=96&d=mm&r=g","caption":"T\u00e9cnico Gavri"}}]}},"_links":{"self":[{"href":"https:\/\/gavri-src.addisnetwork.es\/blog\/wp-json\/wp\/v2\/posts\/982","targetHints":{"allow":["GET"]}}],"collection":[{"href":"https:\/\/gavri-src.addisnetwork.es\/blog\/wp-json\/wp\/v2\/posts"}],"about":[{"href":"https:\/\/gavri-src.addisnetwork.es\/blog\/wp-json\/wp\/v2\/types\/post"}],"author":[{"embeddable":true,"href":"https:\/\/gavri-src.addisnetwork.es\/blog\/wp-json\/wp\/v2\/users\/2"}],"replies":[{"embeddable":true,"href":"https:\/\/gavri-src.addisnetwork.es\/blog\/wp-json\/wp\/v2\/comments?post=982"}],"version-history":[{"count":1,"href":"https:\/\/gavri-src.addisnetwork.es\/blog\/wp-json\/wp\/v2\/posts\/982\/revisions"}],"predecessor-version":[{"id":984,"href":"https:\/\/gavri-src.addisnetwork.es\/blog\/wp-json\/wp\/v2\/posts\/982\/revisions\/984"}],"wp:featuredmedia":[{"embeddable":true,"href":"https:\/\/gavri-src.addisnetwork.es\/blog\/wp-json\/wp\/v2\/media\/983"}],"wp:attachment":[{"href":"https:\/\/gavri-src.addisnetwork.es\/blog\/wp-json\/wp\/v2\/media?parent=982"}],"wp:term":[{"taxonomy":"category","embeddable":true,"href":"https:\/\/gavri-src.addisnetwork.es\/blog\/wp-json\/wp\/v2\/categories?post=982"},{"taxonomy":"post_tag","embeddable":true,"href":"https:\/\/gavri-src.addisnetwork.es\/blog\/wp-json\/wp\/v2\/tags?post=982"}],"curies":[{"name":"wp","href":"https:\/\/api.w.org\/{rel}","templated":true}]}}